{"id":303846,"date":"2025-08-07T23:38:17","date_gmt":"2025-08-07T23:38:17","guid":{"rendered":"https:\/\/www.europesays.com\/fr\/303846\/"},"modified":"2025-08-07T23:38:17","modified_gmt":"2025-08-07T23:38:17","slug":"bad-omens-fait-appel-a-une-star-de-sons-of-anarchy-pour-ses-videos-teaser","status":"publish","type":"post","link":"https:\/\/www.europesays.com\/fr\/303846\/","title":{"rendered":"Bad Omens fait appel \u00e0 une star de Sons Of Anarchy pour ses vid\u00e9os teaser"},"content":{"rendered":"<p><strong>Le groupe <a href=\"https:\/\/www.metalzone.fr\/bad-omens\/\" rel=\"nofollow noopener\" target=\"_blank\">Bad Omens<\/a> continue de faire monter la tension avant son annonce pr\u00e9vue le 8 ao\u00fbt, en d\u00e9voilant de nouveaux teasers vid\u00e9o mettant en sc\u00e8ne l\u2019acteur Ryan Hurst, connu pour ses r\u00f4les dans Sons Of Anarchy et The Walking Dead.<\/strong><\/p>\n<p>Une collaboration inattendue avec Ryan Hurst<\/p>\n<p>Les musiciens de Bad Omens viennent de publier plusieurs vid\u00e9os \u00e9nigmatiques sur leurs r\u00e9seaux sociaux, dans lesquelles appara\u00eet l\u2019acteur Ryan Hurst. Connu pour ses r\u00f4les marquants dans Sons Of Anarchy et The Walking Dead, Hurst incarne ici un personnage myst\u00e9rieux, dans la continuit\u00e9 de l\u2019univers visuel d\u00e9velopp\u00e9 par le groupe ces derni\u00e8res ann\u00e9es.<\/p>\n<p>Cette nouvelle collaboration intervient apr\u00e8s un geste remarqu\u00e9 : comme mentionn\u00e9 <a href=\"https:\/\/www.metalzone.fr\/news\/218130-bad-omens-supprime-contenu-instagram-publie-video-intrigante\/\" target=\"_blank\" rel=\"nofollow noopener\">dans cet article<\/a>, Bad Omens a r\u00e9cemment effac\u00e9 l\u2019int\u00e9gralit\u00e9 de son contenu Instagram, ne laissant qu\u2019une vid\u00e9o sombre d\u2019une minute, accompagn\u00e9e du message \u201cGoodbye, friend\u201d. Un clin d\u2019\u0153il \u00e0 son projet narratif Concrete Jungle [The OST], d\u00e9voil\u00e9 en 2024.<\/p>\n<p>Une annonce imminente<\/p>\n<p>Le groupe a confirm\u00e9 qu\u2019une annonce serait faite le 8 ao\u00fbt, sans pr\u00e9ciser sa nature. Une sortie musicale semble probable, d\u2019autant plus que Noah Sebastian et ses partenaires ont pass\u00e9 plusieurs mois en studio. Ce teaser avec Ryan Hurst pourrait donc s\u2019inscrire dans une campagne plus large, m\u00ealant musique et storytelling visuel.<\/p>\n<p>Pour m\u00e9moire, les prochains concerts du groupe sont programm\u00e9s au festival Louder Than Life le 20 septembre et \u00e0 Aftershock le 4 octobre. Reste \u00e0 savoir si ce nouveau chapitre sera accompagn\u00e9 de nouveaux morceaux sur sc\u00e8ne.<\/p>\n<blockquote class=\"instagram-media\" style=\"background: #FFF; border: 0; border-radius: 3px; box-shadow: 0 0 1px 0 rgba(0,0,0,0.5),0 1px 10px 0 rgba(0,0,0,0.15); margin: 1px; max-width: 540px; min-width: 326px; padding: 0; width: calc(100% - 2px);\" data-instgrm-captioned=\"\" data-instgrm-permalink=\"https:\/\/www.instagram.com\/reel\/DM_hN8USG1P\/?utm_source=ig_embed&amp;utm_campaign=loading\" data-instgrm-version=\"14\" data-darkreader-inline-bgimage=\"\" data-darkreader-inline-bgcolor=\"\" data-darkreader-inline-border-top=\"\" data-darkreader-inline-border-right=\"\" data-darkreader-inline-border-bottom=\"\" data-darkreader-inline-border-left=\"\" data-darkreader-inline-boxshadow=\"\"\/>\n<blockquote class=\"instagram-media\" style=\"background: #FFF; border: 0; border-radius: 3px; box-shadow: 0 0 1px 0 rgba(0,0,0,0.5),0 1px 10px 0 rgba(0,0,0,0.15); margin: 1px; max-width: 540px; min-width: 326px; padding: 0; width: calc(100% - 2px);\" data-instgrm-captioned=\"\" data-instgrm-permalink=\"https:\/\/www.instagram.com\/reel\/DNBZelLJTFI\/?utm_source=ig_embed&amp;utm_campaign=loading\" data-instgrm-version=\"14\" data-darkreader-inline-bgimage=\"\" data-darkreader-inline-bgcolor=\"\" data-darkreader-inline-border-top=\"\" data-darkreader-inline-border-right=\"\" data-darkreader-inline-border-bottom=\"\" data-darkreader-inline-border-left=\"\" data-darkreader-inline-boxshadow=\"\"\/><p><script async src=\"\/\/www.instagram.com\/embed.js\"><\/script><\/p>\n","protected":false},"excerpt":{"rendered":"Le groupe Bad Omens continue de faire monter la tension avant son annonce pr\u00e9vue le 8 ao\u00fbt, en&hellip;\n","protected":false},"author":2,"featured_media":303847,"comment_status":"","ping_status":"","sticky":false,"template":"","format":"standard","meta":{"footnotes":""},"categories":[1355],"tags":[58,59,1011,27,1361,873],"class_list":{"0":"post-303846","1":"post","2":"type-post","3":"status-publish","4":"format-standard","5":"has-post-thumbnail","7":"category-musique","8":"tag-divertissement","9":"tag-entertainment","10":"tag-fr","11":"tag-france","12":"tag-music","13":"tag-musique"},"share_on_mastodon":{"url":"https:\/\/pubeurope.com\/@fr\/114990121165724239","error":""},"_links":{"self":[{"href":"https:\/\/www.europesays.com\/fr\/wp-json\/wp\/v2\/posts\/303846","targetHints":{"allow":["GET"]}}],"collection":[{"href":"https:\/\/www.europesays.com\/fr\/wp-json\/wp\/v2\/posts"}],"about":[{"href":"https:\/\/www.europesays.com\/fr\/wp-json\/wp\/v2\/types\/post"}],"author":[{"embeddable":true,"href":"https:\/\/www.europesays.com\/fr\/wp-json\/wp\/v2\/users\/2"}],"replies":[{"embeddable":true,"href":"https:\/\/www.europesays.com\/fr\/wp-json\/wp\/v2\/comments?post=303846"}],"version-history":[{"count":0,"href":"https:\/\/www.europesays.com\/fr\/wp-json\/wp\/v2\/posts\/303846\/revisions"}],"wp:featuredmedia":[{"embeddable":true,"href":"https:\/\/www.europesays.com\/fr\/wp-json\/wp\/v2\/media\/303847"}],"wp:attachment":[{"href":"https:\/\/www.europesays.com\/fr\/wp-json\/wp\/v2\/media?parent=303846"}],"wp:term":[{"taxonomy":"category","embeddable":true,"href":"https:\/\/www.europesays.com\/fr\/wp-json\/wp\/v2\/categories?post=303846"},{"taxonomy":"post_tag","embeddable":true,"href":"https:\/\/www.europesays.com\/fr\/wp-json\/wp\/v2\/tags?post=303846"}],"curies":[{"name":"wp","href":"https:\/\/api.w.org\/{rel}","templated":true}]}}