{"id":303850,"date":"2025-08-07T23:40:13","date_gmt":"2025-08-07T23:40:13","guid":{"rendered":"https:\/\/www.europesays.com\/fr\/303850\/"},"modified":"2025-08-07T23:40:13","modified_gmt":"2025-08-07T23:40:13","slug":"ces-regions-francaises-ou-les-vacances-peuvent-piquer","status":"publish","type":"post","link":"https:\/\/www.europesays.com\/fr\/303850\/","title":{"rendered":"ces r\u00e9gions fran\u00e7aises o\u00f9 les vacances peuvent piquer"},"content":{"rendered":"<p>Les moustiques signent leur grand retour sous les latitudes hexagonales. Tour d\u2019horizon des r\u00e9gions fran\u00e7aises o\u00f9 les touristes doivent se pr\u00e9parer.<\/p>\n<p class=\"fig-paragraph\">Chaleur, humidit\u00e9, stagnation des eaux\u2026 Le cocktail estival favori des moustiques est bien au rendez-vous cette ann\u00e9e encore. Et selon Vigilance-moustiques, les d\u00e9partements de la r\u00e9gion Provence-Alpes-C\u00f4te d\u2019Azur (PACA) figurent parmi les plus concern\u00e9es. En cause\u00a0: des temp\u00e9ratures favorables d\u00e8s mai, combin\u00e9es \u00e0 des pluies orageuses favorisant la formation de g\u00eetes larvaires.\u00a0<a href=\"http:\/\/www.lefigaro.fr\/voyages\/alpes-maritimes-le-littoral-est-confine-cap-sur-l-arriere-pays-et-ses-grands-espaces-20210222\" data-fig-type=\"Article\" data-gtm-custom-categorie=\"navigation\" data-gtm-custom-action=\"crossclick\" data-gtm-custom-label=\"Contextuel\" data-gtm-event=\"customEventSPE\" data-fig-domain=\"LEFIGARO\" rel=\"nofollow noopener\" target=\"_blank\">Alpes-Maritimes<\/a>,\u00a0<a href=\"http:\/\/www.lefigaro.fr\/voyages\/guides\/var-cinq-villages-meconnus-a-decouvrir-dans-l-arriere-pays-20220323\" data-fig-type=\"Article\" data-gtm-custom-categorie=\"navigation\" data-gtm-custom-action=\"crossclick\" data-gtm-custom-label=\"Contextuel\" data-gtm-event=\"customEventSPE\" data-fig-domain=\"LEFIGARO\" rel=\"nofollow noopener\" target=\"_blank\">Var<\/a>, Bouches-du-Rh\u00f4ne ou\u00a0<a href=\"http:\/\/www.lefigaro.fr\/voyages\/guides\/dans-le-vaucluse-cinq-bonnes-raisons-pour-passer-un-week-end-dans-les-dentelles-de-montmirail-20230518\" data-fig-type=\"Article\" data-gtm-custom-categorie=\"navigation\" data-gtm-custom-action=\"crossclick\" data-gtm-custom-label=\"Contextuel\" data-gtm-event=\"customEventSPE\" data-fig-domain=\"LEFIGARO\" rel=\"nofollow noopener\" target=\"_blank\">Vaucluse<\/a>\u2026 demeurent ainsi des d\u00e9partements particuli\u00e8rement propices pour la prolif\u00e9ration des moustiques autochtones. Par ailleurs, le moustique tigre est lui d\u00e9sormais pr\u00e9sent dans pr\u00e8s de 600 communes, exposant\u00a0<a href=\"https:\/\/www.paca.ars.sante.fr\/lutte-anti-vectorielle-prevention-contre-les-maladies-transmises-par-les-moustiques-tigres\" target=\"_blank\" rel=\"sponsored noopener nofollow\" data-gtm-custom-categorie=\"navigation\" data-gtm-custom-action=\"crossclick\" data-gtm-custom-label=\"Contextuel\" data-gtm-event=\"customEventSPE\">plus de 97\u202f% de la population r\u00e9gionale \u00e0 son contact<\/a>, selon l\u2019Agence r\u00e9gionale de sant\u00e9.<\/p>\n<p>Le moustique tigre, un envahisseur urbain<\/p>\n<p class=\"fig-paragraph\">Si les moustiques autochtones dominent dans les zones humides, le moustique tigre, particuli\u00e8rement invasif, \u00e9tend son territoire dans l\u2019Hexagone. Venu d\u2019Asie, Aedes albopictus, son nom scientifique, n\u2019a plus rien d\u2019un visiteur ponctuel. Il s\u2019est install\u00e9 durablement en France en 2004, d\u2019abord dans les Alpes-Maritimes avant de remonter progressivement vers le nord.<\/p>\n<p>    <strong>Carte sur la pr\u00e9sence du moustique tigre en France (par d\u00e9partement).<\/strong><br \/>\n                Vigilance moustiques<\/p>\n<p>                                    <a class=\"fig-a11y-skip a11y-hidden\" href=\"#fig-a11y-skip-main-inarticle\"><br \/>\n        Passer la publicit\u00e9<br \/>\n    <\/a><\/p>\n<p class=\"fig-paragraph\">\u00c0 ce jour, le moustique tigre est implant\u00e9 dans 81 des 96 d\u00e9partements de la France m\u00e9tropolitaine selon les\u00a0<a href=\"https:\/\/sante.gouv.fr\/sante-et-environnement\/risques-microbiologiques-physiques-et-chimiques\/especes-nuisibles-et-parasites\/article\/cartes-de-presence-du-moustique-tigre-aedes-albopictus-en-france-metropolitaine\" target=\"_blank\" rel=\"sponsored noopener nofollow\" data-gtm-custom-categorie=\"navigation\" data-gtm-custom-action=\"crossclick\" data-gtm-custom-label=\"Contextuel\" data-gtm-event=\"customEventSPE\">donn\u00e9es de Sant\u00e9 publique France<\/a>. Par ailleurs, 92 d\u00e9partements sont d\u00e9sormais concern\u00e9s par un niveau de vigilance d\u2019apr\u00e8s la\u00a0<a href=\"https:\/\/vigilance-moustiques.com\/#:~:text=Les%20chiffres,Yonne%2C%20Marne%2C%20Sarthe%2C%20Morbihan\" target=\"_blank\" rel=\"sponsored noopener nofollow\" data-gtm-custom-categorie=\"navigation\" data-gtm-custom-action=\"crossclick\" data-gtm-custom-label=\"Contextuel\" data-gtm-event=\"customEventSPE\">carte de Vigilance\u2011Moustiques<\/a>.<\/p>\n<p class=\"fig-paragraph\">\u00abIl s\u2019est d\u00e9plac\u00e9 avec l\u2019homme\u00bb, explique Gr\u00e9gory L\u2019Ambert, entomologiste et responsable de la cellule M\u00e9thodes et Recherche au laboratoire de l\u2019EID M\u00e9diterran\u00e9e. Contrairement aux esp\u00e8ces locales, le moustique tigre est parfaitement adapt\u00e9 \u00e0 l\u2019environnement urbain. Il y retrouve des conditions similaires \u00e0 son habitat d\u2019origine\u00a0: des contenants d\u2019eau de petite taille tels que coupelles, pots de fleurs ou r\u00e9cup\u00e9rateurs d\u2019eau de pluie.<\/p>\n<p class=\"fig-paragraph\">Autre particularit\u00e9 qui favorise son enracinement local\u00a0: il vole peu. \u00abAvec ses petites ailes, il se d\u00e9place sur de courtes distances et reste proche de ses proies\u00bb, pr\u00e9cise le sp\u00e9cialiste. Cette progression rapide s\u2019accompagne d\u2019une recrudescence des maladies vectorielles, bien que le moustique tigre ne soit pas naturellement porteur de virus. Comme le souligne Gr\u00e9gory L\u2019Ambert, \u00abil devient un vecteur s\u2019il pique une personne infect\u00e9e, g\u00e9n\u00e9ralement un voyageur revenant de zones o\u00f9 des virus comme la dengue, le chikungunya ou le Zika circulent\u00bb.\u00a0<\/p>\n<p>Occitanie, Pyr\u00e9n\u00e9es-Atlantiques\u2026 les moustiques aussi y passent l\u2019\u00e9t\u00e9<\/p>\n<p class=\"fig-paragraph\">Biarritz, Avignon, Albi\u2026 autant de villes o\u00f9 les habitants t\u00e9moignent de nuisances accrues, au point de devoir vivre fen\u00eatres closes en \u00e9t\u00e9. En Occitanie, la situation devient difficilement supportable dans certains territoires.<\/p>\n<p class=\"fig-paragraph\">V\u00e9ronique, install\u00e9e \u00e0 Albi dans le Tarn depuis 18 ans, d\u00e9crit une situation alarmante\u00a0: \u00abC\u2019est devenu invivable. \u00c0 certaines p\u00e9riodes nous ne pouvons plus ouvrir les fen\u00eatres en fin d\u2019apr\u00e8s-midi sans se faire assaillir. M\u00eame les r\u00e9pulsifs ne suffisent plus. On doit vivre enferm\u00e9s tout l\u2019\u00e9t\u00e9\u00bb.\u00a0<\/p>\n<p>                                    <a class=\"fig-a11y-skip a11y-hidden\" href=\"#fig-a11y-skip-main-inarticle_mtf\"><br \/>\n        Passer la publicit\u00e9<br \/>\n    <\/a><\/p>\n<p class=\"fig-paragraph\">Une r\u00e9alit\u00e9 que confirme l\u2019office de tourisme de la ville\u00a0: \u00abChaque ann\u00e9e, il y a la probl\u00e9matique des moustiques, cette nuisance est bien r\u00e9elle\u00bb, t\u00e9moigne un repr\u00e9sentant. M\u00eame constat \u00e0 Avignon. Alice, habitante du centre-ville, t\u00e9moigne d\u2019une situation de plus en plus pr\u00e9occupante\u00a0: \u00abIl y a \u00e9norm\u00e9ment de moustiques en ce moment et il n\u2019y a plus d\u2019heures. Avant, c\u2019\u00e9tait surtout en d\u00e9but de soir\u00e9e, mais maintenant, on se fait piquer d\u00e8s le matin. Il s\u2019agit surtout de moustiques tigres, donc heureusement, leurs piq\u00fbres ne durent pas trop longtemps\u00bb.<\/p>\n<p class=\"fig-paragraph\">Plus \u00e0 l\u2019ouest, \u00e0 Biarritz, Denis lutte depuis plus de 15 ans contre ces envahisseurs. Cette ann\u00e9e, il a d\u00e9cid\u00e9 d\u2019agir autrement\u00a0: moustiquaires sur les fen\u00eatres, jambi\u00e8res en toile de lin, et surtout, un filet anti-insectes au-dessus du siphon du jardin. \u00abDepuis que j\u2019ai bloqu\u00e9 l\u2019acc\u00e8s au siphon, les moustiques ont presque disparu en journ\u00e9e. Et le soir, ils sont bien moins nombreux, la raquette \u00e9lectrique fait le reste\u00bb, explique-t-il.<\/p>\n<p>Les r\u00e9flexes \u00e0 adopter<\/p>\n<p class=\"fig-paragraph\">Pour se prot\u00e9ger des moustiques, la vigilance individuelle est plus que jamais n\u00e9cessaire. \u00c9liminer les eaux stagnantes reste la premi\u00e8re mesure efficace pour limiter leur prolif\u00e9ration. Utiliser des r\u00e9pulsifs adapt\u00e9s, porter des v\u00eatements longs et clairs, et installer des moustiquaires permet \u00e9galement de se prot\u00e9ger lors des soir\u00e9es estivales. Si les moustiques ne sont pas toujours porteurs de maladies, leur nuisance suffit bien souvent \u00e0 alt\u00e9rer la qui\u00e9tude des vacances. Mieux vaut donc anticiper et pr\u00e9voir la panoplie compl\u00e8te pour s\u2019en prot\u00e9ger.<\/p>\n","protected":false},"excerpt":{"rendered":"Les moustiques signent leur grand retour sous les latitudes hexagonales. Tour d\u2019horizon des r\u00e9gions fran\u00e7aises o\u00f9 les touristes&hellip;\n","protected":false},"author":2,"featured_media":303851,"comment_status":"","ping_status":"","sticky":false,"template":"","format":"standard","meta":{"footnotes":""},"categories":[10],"tags":[1011,27,72,71,602],"class_list":{"0":"post-303850","1":"post","2":"type-post","3":"status-publish","4":"format-standard","5":"has-post-thumbnail","7":"category-sante","8":"tag-fr","9":"tag-france","10":"tag-health","11":"tag-sante","12":"tag-tourisme"},"share_on_mastodon":{"url":"https:\/\/pubeurope.com\/@fr\/114990129038752258","error":""},"_links":{"self":[{"href":"https:\/\/www.europesays.com\/fr\/wp-json\/wp\/v2\/posts\/303850","targetHints":{"allow":["GET"]}}],"collection":[{"href":"https:\/\/www.europesays.com\/fr\/wp-json\/wp\/v2\/posts"}],"about":[{"href":"https:\/\/www.europesays.com\/fr\/wp-json\/wp\/v2\/types\/post"}],"author":[{"embeddable":true,"href":"https:\/\/www.europesays.com\/fr\/wp-json\/wp\/v2\/users\/2"}],"replies":[{"embeddable":true,"href":"https:\/\/www.europesays.com\/fr\/wp-json\/wp\/v2\/comments?post=303850"}],"version-history":[{"count":0,"href":"https:\/\/www.europesays.com\/fr\/wp-json\/wp\/v2\/posts\/303850\/revisions"}],"wp:featuredmedia":[{"embeddable":true,"href":"https:\/\/www.europesays.com\/fr\/wp-json\/wp\/v2\/media\/303851"}],"wp:attachment":[{"href":"https:\/\/www.europesays.com\/fr\/wp-json\/wp\/v2\/media?parent=303850"}],"wp:term":[{"taxonomy":"category","embeddable":true,"href":"https:\/\/www.europesays.com\/fr\/wp-json\/wp\/v2\/categories?post=303850"},{"taxonomy":"post_tag","embeddable":true,"href":"https:\/\/www.europesays.com\/fr\/wp-json\/wp\/v2\/tags?post=303850"}],"curies":[{"name":"wp","href":"https:\/\/api.w.org\/{rel}","templated":true}]}}