{"id":303864,"date":"2025-08-07T23:47:18","date_gmt":"2025-08-07T23:47:18","guid":{"rendered":"https:\/\/www.europesays.com\/fr\/303864\/"},"modified":"2025-08-07T23:47:18","modified_gmt":"2025-08-07T23:47:18","slug":"des-annees-apres-sa-rencontre-avec-pauline-ferrand-prevot-marion-rousse-balance-on-avait-10-ans","status":"publish","type":"post","link":"https:\/\/www.europesays.com\/fr\/303864\/","title":{"rendered":"Des ann\u00e9es apr\u00e8s sa rencontre avec Pauline Ferrand-Pr\u00e9vot, Marion Rousse balance : \u00ab\u00a0On avait 10 ans\u2026\u00a0\u00bb"},"content":{"rendered":"<p>Dimanche dernier, Pauline Ferrand-Pr\u00e9vot a offert aux Fran\u00e7ais<br \/>\nun magnifique spectacle. Apr\u00e8s avoir acc\u00e9l\u00e9r\u00e9 la cadence lors de la<br \/>\nderni\u00e8re \u00e9tape du Tour de France f\u00e9minin, cette derni\u00e8re a fini<br \/>\navec le maillot jaune sur le dos \u00e0 Ch\u00e2tel. M\u00e9daill\u00e9e d\u2019or l\u2019\u00e9t\u00e9<br \/>\ndernier en VTT cross-country, la jeune femme originaire de Reims ne<br \/>\ns\u2019arr\u00eate plus. Championne du monde \u00e0 plusieurs reprises, trois fois<br \/>\nchampionne d\u2019Europe, un Paris-Roubaix en poche\u2026 Pauline encha\u00eene<br \/>\nles prouesses sur son v\u00e9lo pour le plus grand bonheur de ses<br \/>\nfans.<\/p>\n<p>Pauline Ferrand-Pr\u00e9vot voit son r\u00eave se r\u00e9aliser<\/p>\n<p>Apr\u00e8s son sacre le 3 ao\u00fbt 2025, Pauline Ferrand-Pr\u00e9vot s\u2019est<br \/>\nconfi\u00e9e sans d\u00e9tour au micro de France T\u00e9l\u00e9visions. Cette derni\u00e8re,<br \/>\nqui a par ailleurs fait <a href=\"https:\/\/www.melty.fr\/sportz\/pauline-ferrand-prevot-pas-envie-de-refaire-de-la-route-laveu-poignant-de-la-championne-2254146.html\" target=\"_blank\" rel=\"noopener\"><br \/>\nun aveu poignant<\/a>, avait ainsi r\u00e9v\u00e9l\u00e9 <strong>ses plans de<br \/>\nremporter la comp\u00e9tition juste avant de s\u2019\u00e9lancer sur les<br \/>\nroutes<\/strong> : \u00ab\u00a0Je n\u00a0\u00bbai pas tellement savour\u00e9, je r\u00eavais de<br \/>\ngagner en jaune ce matin. J&rsquo;ai dit au directeur sportif :<br \/>\n<strong>&lsquo;Si on peut essayer de gagner en jaune, on le<br \/>\nfait'\u00a0\u00bb<\/strong>.<\/p>\n<p>En multipliant ses efforts, <strong>la jeune femme a transform\u00e9<br \/>\nson r\u00eave en r\u00e9alit\u00e9<\/strong>. De son c\u00f4t\u00e9, <strong>Dylan Van<br \/>\nBaarle, le compagnon de Pauline Ferrand-Pr\u00e9vot<\/strong>, n\u2019a pas<br \/>\ncach\u00e9 sa fiert\u00e9 au micro de Nos : \u00ab\u00a0Voir tout ce travail<br \/>\nr\u00e9compens\u00e9, c\u2019\u00e9tait vraiment, vraiment sp\u00e9cial. [\u2026] Elle a tout<br \/>\nfait dans le cyclisme, mais ce Tour \u00e9tait son r\u00eave. Et<br \/>\n<strong>maintenant, elle le vit\u00a0\u00bb<\/strong>.<\/p>\n<p>Marion Rousse explose de joie apr\u00e8s la victoire de Pauline<br \/>\nFerrand-Pr\u00e9vot<\/p>\n<p>Avant sa grande victoire dimanche, <strong>Pauline<br \/>\nFerrand-Pr\u00e9vot a r\u00e9alis\u00e9 un autre exploit la veille<\/strong> en<br \/>\ns\u2019offrant <strong>le maillot jaune en solitaire au col de la<br \/>\nMadeleine<\/strong>, \u00e0 2000 m\u00e8tres d&rsquo;altitude. <strong>Une superbe<br \/>\nperformance vivement salu\u00e9e par Marion Rousse<\/strong>, directrice<br \/>\ndu Tour de France Femmes, qui n\u2019a pas pu contenir sa joie au micro<br \/>\nde France T\u00e9l\u00e9visions.<\/p>\n<p>\u00ab\u00a0Franchement, <strong>je ne sais plus o\u00f9 j\u2019habite\u2026 C\u2019est un<br \/>\nmoment incroyable<\/strong>. J\u2019ai eu la chance d\u2019\u00eatre juste derri\u00e8re<br \/>\nelle dans la mont\u00e9e. On a v\u00e9cu un moment exceptionnel, qui marquera<br \/>\nl\u2019histoire du sport. <strong>Ce n\u2019est plus du sport f\u00e9minin, on<br \/>\nparle de sport<\/strong>. C\u2019est fou\u00a0\u00bb, a d\u2019abord lanc\u00e9 <a href=\"https:\/\/www.melty.fr\/people\/en-couple-avec-julian-alaphilippe-marion-rousse-revele-une-verite-difficile-cest-dur-parfois-2251614.html\" target=\"_blank\" rel=\"noopener\"><br \/>\nla compagne du cycliste Julian Alaphilippe<\/a>.<\/p>\n<p>Marion Rousse : \u00ab\u00a0On a commenc\u00e9 la<br \/>\ncomp\u00e9tition ensemble, on avait 10 ans\u00a0\u00bb<\/p>\n<p>Et de poursuivre en \u00e9voquant <strong>le lien si fort qui l\u2019unit<br \/>\n\u00e0 la nouvelle vedette du Tour de France f\u00e9minin<\/strong> :<br \/>\n\u00ab\u00a0Pauline, on a commenc\u00e9 la comp\u00e9tition ensemble, on avait 10<br \/>\nans\u2026 <strong>Vivre cela toutes les deux, je n\u2019ai pas les<br \/>\nmots<\/strong>. Pourtant, je parle beaucoup d\u2019habitude, mais l\u00e0, je<br \/>\nne sais pas quoi dire tellement je suis contente pour elle,<br \/>\ntellement <strong>je suis fi\u00e8re pour le cyclisme<br \/>\nf\u00e9minin\u00a0\u00bb<\/strong>.<\/p>\n<blockquote class=\"twitter-tweet\"><p><a class=\"twitter-link\" rel=\"noindex, nofollow noopener\" href=\"https:\/\/twitter.com\/francetvsport\/status\/1951677110587641943\" target=\"_blank\"><\/p><\/blockquote>\n<p>L\u2019\u00e9motion \u00e9tait \u00e9videmment au rendez-vous pour Marion Rousse qui<br \/>\nc\u00f4toie Pauline Ferrand-Pr\u00e9vot depuis toute petite : \u00ab\u00a0En la<br \/>\nvoyant revenir dans le peloton et sur route, <strong>je savais<br \/>\nqu\u2019il n\u2019y aurait pas plus beau mod\u00e8le qu\u2019elle pour les petites<br \/>\nfilles<\/strong>. Ce qu\u2019elle a fait, je n\u2019ai pas les mots\u00a0\u00bb. Un<br \/>\ndiscours qui a certainement touch\u00e9 la principale int\u00e9ress\u00e9e en<br \/>\nplein c\u0153ur.<\/p>\n<p><script async src=\"https:\/\/platform.twitter.com\/widgets.js\" charset=\"utf-8\"><\/script><\/p>\n","protected":false},"excerpt":{"rendered":"Dimanche dernier, Pauline Ferrand-Pr\u00e9vot a offert aux Fran\u00e7ais un magnifique spectacle. Apr\u00e8s avoir acc\u00e9l\u00e9r\u00e9 la cadence lors de&hellip;\n","protected":false},"author":2,"featured_media":303865,"comment_status":"","ping_status":"","sticky":false,"template":"","format":"standard","meta":{"footnotes":""},"categories":[2],"tags":[905,11,1011,27,42380,12],"class_list":{"0":"post-303864","1":"post","2":"type-post","3":"status-publish","4":"format-standard","5":"has-post-thumbnail","7":"category-actualites","8":"tag-a-la-une-melty","9":"tag-actualites","10":"tag-fr","11":"tag-france","12":"tag-marion-rousse","13":"tag-news"},"share_on_mastodon":{"url":"https:\/\/pubeurope.com\/@fr\/114990156575833154","error":""},"_links":{"self":[{"href":"https:\/\/www.europesays.com\/fr\/wp-json\/wp\/v2\/posts\/303864","targetHints":{"allow":["GET"]}}],"collection":[{"href":"https:\/\/www.europesays.com\/fr\/wp-json\/wp\/v2\/posts"}],"about":[{"href":"https:\/\/www.europesays.com\/fr\/wp-json\/wp\/v2\/types\/post"}],"author":[{"embeddable":true,"href":"https:\/\/www.europesays.com\/fr\/wp-json\/wp\/v2\/users\/2"}],"replies":[{"embeddable":true,"href":"https:\/\/www.europesays.com\/fr\/wp-json\/wp\/v2\/comments?post=303864"}],"version-history":[{"count":0,"href":"https:\/\/www.europesays.com\/fr\/wp-json\/wp\/v2\/posts\/303864\/revisions"}],"wp:featuredmedia":[{"embeddable":true,"href":"https:\/\/www.europesays.com\/fr\/wp-json\/wp\/v2\/media\/303865"}],"wp:attachment":[{"href":"https:\/\/www.europesays.com\/fr\/wp-json\/wp\/v2\/media?parent=303864"}],"wp:term":[{"taxonomy":"category","embeddable":true,"href":"https:\/\/www.europesays.com\/fr\/wp-json\/wp\/v2\/categories?post=303864"},{"taxonomy":"post_tag","embeddable":true,"href":"https:\/\/www.europesays.com\/fr\/wp-json\/wp\/v2\/tags?post=303864"}],"curies":[{"name":"wp","href":"https:\/\/api.w.org\/{rel}","templated":true}]}}