{"id":303868,"date":"2025-08-07T23:49:11","date_gmt":"2025-08-07T23:49:11","guid":{"rendered":"https:\/\/www.europesays.com\/fr\/303868\/"},"modified":"2025-08-07T23:49:11","modified_gmt":"2025-08-07T23:49:11","slug":"asse-vers-un-renfort-de-taille-pour-les-verts-a-laval","status":"publish","type":"post","link":"https:\/\/www.europesays.com\/fr\/303868\/","title":{"rendered":"ASSE\u00a0: vers un renfort de taille pour les Verts \u00e0 Laval\u00a0!"},"content":{"rendered":"<p><strong>Bonne nouvelle pour l\u2019<a href=\"https:\/\/www.butfootballclub.fr\/612785-asse-mercato-une-recrue-signe-ce-jeudi-chez-les-verts\/\" rel=\"noopener nofollow\" target=\"_blank\">AS Saint-\u00c9tienne<\/a> et ses supporters : touch\u00e9 \u00e0 l\u2019arri\u00e8re de la cuisse la semaine derni\u00e8re, Maxime Bernauer (27 ans) pourrait reprendre les entra\u00eenements plus t\u00f4t que pr\u00e9vu. Une aubaine avant un d\u00e9placement d\u00e9licat \u00e0 Laval ce samedi (20h).<\/strong><\/p>\n<p>L\u2019infirmerie de l\u2019ASSE pourrait se vider plus vite que pr\u00e9vu. Selon <a href=\"https:\/\/peuple-vert.fr\/ligue-2\/asse-une-tres-bonne-nouvelle-tombe-pour-les-verts\/?fsp_sid=20761\" rel=\"noopener nofollow\" target=\"_blank\">Le Progr\u00e8s<\/a>, Maxime Bernauer, qui s\u2019\u00e9tait bless\u00e9 samedi dernier face \u00e0 Cagliari, semble en bonne voie pour un retour pr\u00e9matur\u00e9. Initialement incertain pour les prochains matches, le d\u00e9fenseur st\u00e9phanois pourrait r\u00e9int\u00e9grer le groupe d\u00e8s ce week-end pour la rencontre \u00e0 Laval (samedi, 20h).<\/p>\n<p>Son \u00e9tat de sant\u00e9 serait en nette am\u00e9lioration depuis le d\u00e9but de semaine. Une d\u00e9cision d\u00e9finitive sera prise \u00e0 la veille de la rencontre, en concertation avec le staff m\u00e9dical d\u2019Eirik Horneland. <\/p>\n<p>Un soulagement pour l\u2019<a href=\"https:\/\/www.butfootballclub.fr\/612775-asse-bonnes-nouvelles-concernant-stassin-et-davitashvili\/\" rel=\"noopener nofollow\" target=\"_blank\">ASSE<\/a>, qui avait craint une absence plus longue pour ce pilier d\u00e9fensif. Sa disponibilit\u00e9 serait un atout important dans une zone arri\u00e8re qui a parfois montr\u00e9 des signes de fragilit\u00e9 lors de la pr\u00e9paration estivale.<\/p>\n","protected":false},"excerpt":{"rendered":"Bonne nouvelle pour l\u2019AS Saint-\u00c9tienne et ses supporters : touch\u00e9 \u00e0 l\u2019arri\u00e8re de la cuisse la semaine derni\u00e8re,&hellip;\n","protected":false},"author":2,"featured_media":303869,"comment_status":"","ping_status":"","sticky":false,"template":"","format":"standard","meta":{"footnotes":""},"categories":[9653],"tags":[1111,11,2430,448,1777,674,63,1011,27,66,3388,12,25,4001,10662],"class_list":{"0":"post-303868","1":"post","2":"type-post","3":"status-publish","4":"format-standard","5":"has-post-thumbnail","7":"category-saint-etienne","8":"tag-actu","9":"tag-actualites","10":"tag-auvergne-rhone-alpes","11":"tag-champions-league","12":"tag-eu","13":"tag-europe","14":"tag-football","15":"tag-fr","16":"tag-france","17":"tag-ligue-1","18":"tag-matchs","19":"tag-news","20":"tag-republique-francaise","21":"tag-saint-etienne","22":"tag-transferts"},"share_on_mastodon":{"url":"https:\/\/pubeurope.com\/@fr\/114990164398175130","error":""},"_links":{"self":[{"href":"https:\/\/www.europesays.com\/fr\/wp-json\/wp\/v2\/posts\/303868","targetHints":{"allow":["GET"]}}],"collection":[{"href":"https:\/\/www.europesays.com\/fr\/wp-json\/wp\/v2\/posts"}],"about":[{"href":"https:\/\/www.europesays.com\/fr\/wp-json\/wp\/v2\/types\/post"}],"author":[{"embeddable":true,"href":"https:\/\/www.europesays.com\/fr\/wp-json\/wp\/v2\/users\/2"}],"replies":[{"embeddable":true,"href":"https:\/\/www.europesays.com\/fr\/wp-json\/wp\/v2\/comments?post=303868"}],"version-history":[{"count":0,"href":"https:\/\/www.europesays.com\/fr\/wp-json\/wp\/v2\/posts\/303868\/revisions"}],"wp:featuredmedia":[{"embeddable":true,"href":"https:\/\/www.europesays.com\/fr\/wp-json\/wp\/v2\/media\/303869"}],"wp:attachment":[{"href":"https:\/\/www.europesays.com\/fr\/wp-json\/wp\/v2\/media?parent=303868"}],"wp:term":[{"taxonomy":"category","embeddable":true,"href":"https:\/\/www.europesays.com\/fr\/wp-json\/wp\/v2\/categories?post=303868"},{"taxonomy":"post_tag","embeddable":true,"href":"https:\/\/www.europesays.com\/fr\/wp-json\/wp\/v2\/tags?post=303868"}],"curies":[{"name":"wp","href":"https:\/\/api.w.org\/{rel}","templated":true}]}}