{"id":303870,"date":"2025-08-07T23:51:14","date_gmt":"2025-08-07T23:51:14","guid":{"rendered":"https:\/\/www.europesays.com\/fr\/303870\/"},"modified":"2025-08-07T23:51:14","modified_gmt":"2025-08-07T23:51:14","slug":"cap-complet-a-lest-pour-les-louves-de-nancy-seichamps","status":"publish","type":"post","link":"https:\/\/www.europesays.com\/fr\/303870\/","title":{"rendered":"Cap complet \u00e0 l\u2019est pour les Louves de Nancy-Seichamps"},"content":{"rendered":"<p class=\"insetTitle\">F\u00e9d\u00e9rale 3\u00a0: Le NSR retrouve la poule 2 avec Metz et Pontarlier<\/p>\n<p>Invaincus en R\u00e9gional 1 et rapidement remont\u00e9s en F\u00e9d\u00e9rale 3 apr\u00e8s une seule ann\u00e9e au niveau inf\u00e9rieur, les joueurs de Nancy-Seichamps ont eux aussi pris connaissance de leur poule pour la saison prochaine. Pas de grandes surprises \u00e0 l\u2019horizon mais quelques nouveaux tout de m\u00eame dans cette poule 2. Les joueurs de Baptiste Frangne et Geoffrey Philippe, comme lors de la saison 2023-2024, retrouveront Genlis, Haguenau, Colmar ou encore Strasbourg, Metz et Illkirch. Mais cette fois-ci il s\u2019agira de bien n\u00e9gocier avec notamment Pontarlier et Beaune. Le premier est rel\u00e9gu\u00e9 de F\u00e9d\u00e9rale 2 tandis que le second, apr\u00e8s deux saisons gal\u00e8res en R\u00e9gionale 1, retrouve les joies du niveau f\u00e9d\u00e9ral. Coup d\u2019envoi de la saison le 14\u00a0septembre pour les Nanc\u00e9iens face \u00e0 Grand Dole rugby, , un autre rel\u00e9gu\u00e9 de F\u00e9d\u00e9rale 2.<\/p>\n<p class=\"insetSignature\">J.F.<\/p>\n","protected":false},"excerpt":{"rendered":"F\u00e9d\u00e9rale 3\u00a0: Le NSR retrouve la poule 2 avec Metz et Pontarlier Invaincus en R\u00e9gional 1 et rapidement&hellip;\n","protected":false},"author":2,"featured_media":303871,"comment_status":"","ping_status":"","sticky":false,"template":"","format":"standard","meta":{"footnotes":""},"categories":[9635],"tags":[1111,11,1704,1777,674,1011,27,775,1702,1703,12,25,479,517,1700],"class_list":{"0":"post-303870","1":"post","2":"type-post","3":"status-publish","4":"format-standard","5":"has-post-thumbnail","7":"category-nancy","8":"tag-actu","9":"tag-actualites","10":"tag-edition-nancy-et-agglomeration","11":"tag-eu","12":"tag-europe","13":"tag-fr","14":"tag-france","15":"tag-grand-est","16":"tag-nancy","17":"tag-nancy-ville-54b","18":"tag-news","19":"tag-republique-francaise","20":"tag-rugby","21":"tag-sport","22":"tag-sport-lorrain"},"share_on_mastodon":{"url":"https:\/\/pubeurope.com\/@fr\/114990172295534447","error":""},"_links":{"self":[{"href":"https:\/\/www.europesays.com\/fr\/wp-json\/wp\/v2\/posts\/303870","targetHints":{"allow":["GET"]}}],"collection":[{"href":"https:\/\/www.europesays.com\/fr\/wp-json\/wp\/v2\/posts"}],"about":[{"href":"https:\/\/www.europesays.com\/fr\/wp-json\/wp\/v2\/types\/post"}],"author":[{"embeddable":true,"href":"https:\/\/www.europesays.com\/fr\/wp-json\/wp\/v2\/users\/2"}],"replies":[{"embeddable":true,"href":"https:\/\/www.europesays.com\/fr\/wp-json\/wp\/v2\/comments?post=303870"}],"version-history":[{"count":0,"href":"https:\/\/www.europesays.com\/fr\/wp-json\/wp\/v2\/posts\/303870\/revisions"}],"wp:featuredmedia":[{"embeddable":true,"href":"https:\/\/www.europesays.com\/fr\/wp-json\/wp\/v2\/media\/303871"}],"wp:attachment":[{"href":"https:\/\/www.europesays.com\/fr\/wp-json\/wp\/v2\/media?parent=303870"}],"wp:term":[{"taxonomy":"category","embeddable":true,"href":"https:\/\/www.europesays.com\/fr\/wp-json\/wp\/v2\/categories?post=303870"},{"taxonomy":"post_tag","embeddable":true,"href":"https:\/\/www.europesays.com\/fr\/wp-json\/wp\/v2\/tags?post=303870"}],"curies":[{"name":"wp","href":"https:\/\/api.w.org\/{rel}","templated":true}]}}