{"id":303872,"date":"2025-08-07T23:52:11","date_gmt":"2025-08-07T23:52:11","guid":{"rendered":"https:\/\/www.europesays.com\/fr\/303872\/"},"modified":"2025-08-07T23:52:11","modified_gmt":"2025-08-07T23:52:11","slug":"les-petits-debrouillards-a-la-beaussiere-pour-cuisiner-et-parler-alimentation","status":"publish","type":"post","link":"https:\/\/www.europesays.com\/fr\/303872\/","title":{"rendered":"[Les Petits D\u00e9brouillards] \u00e0 La Beaussi\u00e8re pour cuisiner et parler alimentation"},"content":{"rendered":"\n<p>Apr\u00e8s avoir d\u00e9pli\u00e9 nos tables et d\u00e9fait nos caisses d\u2019animation en avril \u00e0 la Beaussi\u00e8re, un quartier de La Garde, nous voil\u00e0 de retour pour continuer \u00e0 approfondir le sujet de l\u2019alimentation. Nous retrouvons les fid\u00e8les habitants du quartier, assis sur les bancs en pierre de la place de la Fraternit\u00e9, toujours enthousiastes \u00e0 l\u2019id\u00e9e de d\u00e9couvrir les nouvelles activit\u00e9s proposs\u00e9es. Cette semaine, ils ont particuli\u00e8rement aim\u00e9 le timeline sur l\u2019alimentation et ce que nous avons pr\u00e9f\u00e9r\u00e9 refaire avec eux, l\u2019atelier cuisine avec L\u2019Apaop. Apr\u00e8s cette semaine, plus rien ne leur \u00e9chappe, ils savent m\u00eame \u00e0 quoi ressemblent les l\u00e9gumes invisibles.<\/p>\n","protected":false},"excerpt":{"rendered":"Apr\u00e8s avoir d\u00e9pli\u00e9 nos tables et d\u00e9fait nos caisses d\u2019animation en avril \u00e0 la Beaussi\u00e8re, un quartier de&hellip;\n","protected":false},"author":2,"featured_media":303873,"comment_status":"","ping_status":"","sticky":false,"template":"","format":"standard","meta":{"footnotes":""},"categories":[9619],"tags":[1111,11,1777,674,1011,27,44394,12,882,25,2310],"class_list":{"0":"post-303872","1":"post","2":"type-post","3":"status-publish","4":"format-standard","5":"has-post-thumbnail","7":"category-toulon","8":"tag-actu","9":"tag-actualites","10":"tag-eu","11":"tag-europe","12":"tag-fr","13":"tag-france","14":"tag-la-garde","15":"tag-news","16":"tag-provence-alpes-cote-dazur","17":"tag-republique-francaise","18":"tag-toulon"},"share_on_mastodon":{"url":"https:\/\/pubeurope.com\/@fr\/114990176204620603","error":""},"_links":{"self":[{"href":"https:\/\/www.europesays.com\/fr\/wp-json\/wp\/v2\/posts\/303872","targetHints":{"allow":["GET"]}}],"collection":[{"href":"https:\/\/www.europesays.com\/fr\/wp-json\/wp\/v2\/posts"}],"about":[{"href":"https:\/\/www.europesays.com\/fr\/wp-json\/wp\/v2\/types\/post"}],"author":[{"embeddable":true,"href":"https:\/\/www.europesays.com\/fr\/wp-json\/wp\/v2\/users\/2"}],"replies":[{"embeddable":true,"href":"https:\/\/www.europesays.com\/fr\/wp-json\/wp\/v2\/comments?post=303872"}],"version-history":[{"count":0,"href":"https:\/\/www.europesays.com\/fr\/wp-json\/wp\/v2\/posts\/303872\/revisions"}],"wp:featuredmedia":[{"embeddable":true,"href":"https:\/\/www.europesays.com\/fr\/wp-json\/wp\/v2\/media\/303873"}],"wp:attachment":[{"href":"https:\/\/www.europesays.com\/fr\/wp-json\/wp\/v2\/media?parent=303872"}],"wp:term":[{"taxonomy":"category","embeddable":true,"href":"https:\/\/www.europesays.com\/fr\/wp-json\/wp\/v2\/categories?post=303872"},{"taxonomy":"post_tag","embeddable":true,"href":"https:\/\/www.europesays.com\/fr\/wp-json\/wp\/v2\/tags?post=303872"}],"curies":[{"name":"wp","href":"https:\/\/api.w.org\/{rel}","templated":true}]}}