{"id":303877,"date":"2025-08-07T23:59:27","date_gmt":"2025-08-07T23:59:27","guid":{"rendered":"https:\/\/www.europesays.com\/fr\/303877\/"},"modified":"2025-08-07T23:59:27","modified_gmt":"2025-08-07T23:59:27","slug":"voici-le-prix-des-maisons-et-appartements-en-aou%cc%82t-2025","status":"publish","type":"post","link":"https:\/\/www.europesays.com\/fr\/303877\/","title":{"rendered":"voici le prix des maisons et appartements en aou\u0302t 2025"},"content":{"rendered":"<p><strong>Le march\u00e9 immobilier grenoblois affiche des tendances contrast\u00e9es en ao\u00fbt 2025. Tandis que les prix des maisons poursuivent leur progression, les appartements enregistrent une l\u00e9g\u00e8re baisse. Du c\u00f4t\u00e9 locatif, la hausse se g\u00e9n\u00e9ralise sur l&rsquo;ensemble des typologies de logements dans la capitale des Alpes.<\/strong><\/p>\n<p>Le march\u00e9 de l&rsquo;achat immobilier \u00e0 Grenoble pr\u00e9sente des \u00e9volutions contrast\u00e9es entre juillet et ao\u00fbt 2025. Les maisons individuelles confirment leur attractivit\u00e9 avec une progression notable de leur prix moyen, passant de 3\u00a0650\u00a0euros par m\u00e8tre carr\u00e9 en juillet \u00e0 3\u00a0670\u00a0euros par m\u00e8tre carr\u00e9 en ao\u00fbt, soit une hausse de 20\u00a0euros par m\u00e8tre carr\u00e9. Cette augmentation de 0,5% t\u00e9moigne de la demande soutenue pour ce type de bien dans la m\u00e9tropole alpine.<\/p>\n<p>\u00c0 l&rsquo;inverse, le segment des appartements enregistre un recul mesur\u00e9 mais significatif. Apr\u00e8s avoir atteint 2\u00a0646\u00a0euros par m\u00e8tre carr\u00e9 en juillet, les prix ont fl\u00e9chi \u00e0 2\u00a0626\u00a0euros par m\u00e8tre carr\u00e9 en ao\u00fbt, marquant une baisse de 20\u00a0euros par m\u00e8tre carr\u00e9. Cette diminution de 0,8% pourrait refl\u00e9ter un rationalisation du march\u00e9 face \u00e0 l&rsquo;offre disponible en copropri\u00e9t\u00e9. L&rsquo;\u00e9cart de prix entre maisons et appartements se creuse ainsi, avec une diff\u00e9rence de 1\u00a0044\u00a0euros par m\u00e8tre carr\u00e9 en ao\u00fbt, contre 1\u00a0004\u00a0euros par m\u00e8tre carr\u00e9 le mois pr\u00e9c\u00e9dent.<\/p>\n","protected":false},"excerpt":{"rendered":"Le march\u00e9 immobilier grenoblois affiche des tendances contrast\u00e9es en ao\u00fbt 2025. Tandis que les prix des maisons poursuivent&hellip;\n","protected":false},"author":2,"featured_media":303878,"comment_status":"","ping_status":"","sticky":false,"template":"","format":"standard","meta":{"footnotes":""},"categories":[9566],"tags":[1111,11,2430,1777,674,1011,27,2731,12,25],"class_list":{"0":"post-303877","1":"post","2":"type-post","3":"status-publish","4":"format-standard","5":"has-post-thumbnail","7":"category-grenoble","8":"tag-actu","9":"tag-actualites","10":"tag-auvergne-rhone-alpes","11":"tag-eu","12":"tag-europe","13":"tag-fr","14":"tag-france","15":"tag-grenoble","16":"tag-news","17":"tag-republique-francaise"},"share_on_mastodon":{"url":"https:\/\/pubeurope.com\/@fr\/114990203773385540","error":""},"_links":{"self":[{"href":"https:\/\/www.europesays.com\/fr\/wp-json\/wp\/v2\/posts\/303877","targetHints":{"allow":["GET"]}}],"collection":[{"href":"https:\/\/www.europesays.com\/fr\/wp-json\/wp\/v2\/posts"}],"about":[{"href":"https:\/\/www.europesays.com\/fr\/wp-json\/wp\/v2\/types\/post"}],"author":[{"embeddable":true,"href":"https:\/\/www.europesays.com\/fr\/wp-json\/wp\/v2\/users\/2"}],"replies":[{"embeddable":true,"href":"https:\/\/www.europesays.com\/fr\/wp-json\/wp\/v2\/comments?post=303877"}],"version-history":[{"count":0,"href":"https:\/\/www.europesays.com\/fr\/wp-json\/wp\/v2\/posts\/303877\/revisions"}],"wp:featuredmedia":[{"embeddable":true,"href":"https:\/\/www.europesays.com\/fr\/wp-json\/wp\/v2\/media\/303878"}],"wp:attachment":[{"href":"https:\/\/www.europesays.com\/fr\/wp-json\/wp\/v2\/media?parent=303877"}],"wp:term":[{"taxonomy":"category","embeddable":true,"href":"https:\/\/www.europesays.com\/fr\/wp-json\/wp\/v2\/categories?post=303877"},{"taxonomy":"post_tag","embeddable":true,"href":"https:\/\/www.europesays.com\/fr\/wp-json\/wp\/v2\/tags?post=303877"}],"curies":[{"name":"wp","href":"https:\/\/api.w.org\/{rel}","templated":true}]}}