{"id":303879,"date":"2025-08-08T00:00:11","date_gmt":"2025-08-08T00:00:11","guid":{"rendered":"https:\/\/www.europesays.com\/fr\/303879\/"},"modified":"2025-08-08T00:00:11","modified_gmt":"2025-08-08T00:00:11","slug":"previsions-du-vendredi-8-aout-2025-3","status":"publish","type":"post","link":"https:\/\/www.europesays.com\/fr\/303879\/","title":{"rendered":"pr\u00e9visions du vendredi 8 ao\u00fbt 2025"},"content":{"rendered":"<p>\u00c0 Rennes, les temp\u00e9ratures seront comprises entre 14\u00b0C et 30\u00b0C dans la journ\u00e9e. Un vent de nord-ouest rafra\u00eechira sensiblement l&rsquo;atmosph\u00e8re. La ville aura quelques \u00e9claircies le matin. Le soleil sera au rendez-vous : un magnifique apr\u00e8s-midi se pr\u00e9sente ! C&rsquo;est une hausse de plusieurs degr\u00e9s que vont conna\u00eetre les temp\u00e9ratures. Attention \u00e0 la vague de chaleur. Des valeurs de 28 \u00e0 30\u00b0C sont pr\u00e9vues. Les temp\u00e9ratures s&rsquo;\u00e9chelonneront de 28 \u00e0 30\u00b0C. On s&rsquo;attend \u00e0 une nuit claire entre vendredi et samedi.<\/p>\n<p>Un bel ensoleillement est attendu demain \u00e0 Rennes. Une chute des temp\u00e9ratures est pr\u00e9vue. Les valeurs afficheront entre 13 et 27\u00b0C. Un l\u00e9ger vent de nord sera ressenti par les habitants. Le temps va se r\u00e9chauffer demain apr\u00e8s-midi avec une augmentation de plusieurs degr\u00e9s. Les temp\u00e9ratures s&rsquo;\u00e9chelonneront entre 24 et 27\u00b0C.<\/p>\n<p>Peu de changements pour la suite. Un ciel ensoleill\u00e9, avec des temp\u00e9ratures de 33\u00b0C environ, est attendu.<\/p>\n<p><\/p>\n","protected":false},"excerpt":{"rendered":"\u00c0 Rennes, les temp\u00e9ratures seront comprises entre 14\u00b0C et 30\u00b0C dans la journ\u00e9e. Un vent de nord-ouest rafra\u00eechira&hellip;\n","protected":false},"author":2,"featured_media":303880,"comment_status":"","ping_status":"","sticky":false,"template":"","format":"standard","meta":{"footnotes":""},"categories":[2821],"tags":[1111,11,829,1777,674,1011,27,848,12,2119,584,25],"class_list":{"0":"post-303879","1":"post","2":"type-post","3":"status-publish","4":"format-standard","5":"has-post-thumbnail","7":"category-rennes","8":"tag-actu","9":"tag-actualites","10":"tag-bretagne","11":"tag-eu","12":"tag-europe","13":"tag-fr","14":"tag-france","15":"tag-ille-et-vilaine","16":"tag-news","17":"tag-previsions-meteo","18":"tag-rennes","19":"tag-republique-francaise"},"share_on_mastodon":{"url":"https:\/\/pubeurope.com\/@fr\/114990207790111726","error":""},"_links":{"self":[{"href":"https:\/\/www.europesays.com\/fr\/wp-json\/wp\/v2\/posts\/303879","targetHints":{"allow":["GET"]}}],"collection":[{"href":"https:\/\/www.europesays.com\/fr\/wp-json\/wp\/v2\/posts"}],"about":[{"href":"https:\/\/www.europesays.com\/fr\/wp-json\/wp\/v2\/types\/post"}],"author":[{"embeddable":true,"href":"https:\/\/www.europesays.com\/fr\/wp-json\/wp\/v2\/users\/2"}],"replies":[{"embeddable":true,"href":"https:\/\/www.europesays.com\/fr\/wp-json\/wp\/v2\/comments?post=303879"}],"version-history":[{"count":0,"href":"https:\/\/www.europesays.com\/fr\/wp-json\/wp\/v2\/posts\/303879\/revisions"}],"wp:featuredmedia":[{"embeddable":true,"href":"https:\/\/www.europesays.com\/fr\/wp-json\/wp\/v2\/media\/303880"}],"wp:attachment":[{"href":"https:\/\/www.europesays.com\/fr\/wp-json\/wp\/v2\/media?parent=303879"}],"wp:term":[{"taxonomy":"category","embeddable":true,"href":"https:\/\/www.europesays.com\/fr\/wp-json\/wp\/v2\/categories?post=303879"},{"taxonomy":"post_tag","embeddable":true,"href":"https:\/\/www.europesays.com\/fr\/wp-json\/wp\/v2\/tags?post=303879"}],"curies":[{"name":"wp","href":"https:\/\/api.w.org\/{rel}","templated":true}]}}