{"id":303881,"date":"2025-08-08T00:01:56","date_gmt":"2025-08-08T00:01:56","guid":{"rendered":"https:\/\/www.europesays.com\/fr\/303881\/"},"modified":"2025-08-08T00:01:56","modified_gmt":"2025-08-08T00:01:56","slug":"football-lex-lyonnais-warmed-omari-prete-par-rennes-a-hambourg","status":"publish","type":"post","link":"https:\/\/www.europesays.com\/fr\/303881\/","title":{"rendered":"Football. L\u2019ex-Lyonnais Warmed Omari, pr\u00eat\u00e9 par Rennes \u00e0 Hambourg"},"content":{"rendered":"<p>Il n\u2019aura jou\u00e9 que quatre matches avec l\u2019OL : un en Ligue 1, un en Coupe de France, \u00e0 Bourgoin o\u00f9 sa responsabilit\u00e9 avait \u00e9t\u00e9 engag\u00e9e dans l\u2019\u00e9limination, et deux en Ligue Europa, \u00e0 Hoffenheim et Quarabag) durant toute la saison pass\u00e9e, et imaginait sans doute vivre une tout autre exp\u00e9rience. Pr\u00eat\u00e9 par le Stade Rennais pour un montant de 500\u00a0000\u00a0\u20ac, assorti d\u2019une option d\u2019achat de 10\u00a0M\u20ac, qui n\u2019a donc jamais \u00e9t\u00e9 lev\u00e9e, il a connu un vrai \u00e9chec.<\/p>\n<p>  En \u00e9chec \u00e0 l\u2019OL<\/p>\n<p><a href=\"https:\/\/www.leprogres.fr\/p\/warmed-omari\" target=\"_blank\" rel=\"noopener\">Warmed Omari<\/a>, qui appartient au Stade Rennais avait d\u00fb d\u00e9chanter en effet, en se voyant <a href=\"https:\/\/www.leprogres.fr\/sport\/2025\/03\/18\/ol-l-enigme-warmed-omari\" target=\"_blank\" rel=\"noopener\">de plus en plus \u00e9loign\u00e9 dans la hi\u00e9rarchie des d\u00e9fenseurs centraux<\/a> \u00e0 l\u2019OL. Ses repr\u00e9sentants, dont l\u2019agent Fred Guerra, s\u2019\u00e9taient m\u00eame franchement agac\u00e9s au terme de la saison, en d\u00e9plorant sa si faible utilisation, assurant que le club lyonnais n\u2019avait pas tenu sa promesse de le faire jouer.<\/p>\n<p>Rentr\u00e9 \u00e0 Rennes, le d\u00e9fenseur international comorien, en qu\u00eate de rebond, a eu plusieurs touches de clubs fran\u00e7ais et \u00e9trangers, et c\u2019est finalement \u00e0 Hambourg qu\u2019il va poursuivre sa carri\u00e8re cette saison. Le club rennais a en effet officialis\u00e9 son d\u00e9part sous forme de pr\u00eat avec option d\u2019achat chez le promu de Bundesliga.<\/p>\n","protected":false},"excerpt":{"rendered":"Il n\u2019aura jou\u00e9 que quatre matches avec l\u2019OL : un en Ligue 1, un en Coupe de France,&hellip;\n","protected":false},"author":2,"featured_media":303882,"comment_status":"","ping_status":"","sticky":false,"template":"","format":"standard","meta":{"footnotes":""},"categories":[2821],"tags":[1111,11,829,2757,1777,674,63,1011,27,2428,2756,23100,12,2755,584,25,517],"class_list":{"0":"post-303881","1":"post","2":"type-post","3":"status-publish","4":"format-standard","5":"has-post-thumbnail","7":"category-rennes","8":"tag-actu","9":"tag-actualites","10":"tag-bretagne","11":"tag-edition-lyon-villeurbanne","12":"tag-eu","13":"tag-europe","14":"tag-football","15":"tag-fr","16":"tag-france","17":"tag-lyon","18":"tag-lyon-bassin","19":"tag-mercato-football","20":"tag-news","21":"tag-ol-olympique-lyonnais-football","22":"tag-rennes","23":"tag-republique-francaise","24":"tag-sport"},"share_on_mastodon":{"url":"https:\/\/pubeurope.com\/@fr\/114990215579069046","error":""},"_links":{"self":[{"href":"https:\/\/www.europesays.com\/fr\/wp-json\/wp\/v2\/posts\/303881","targetHints":{"allow":["GET"]}}],"collection":[{"href":"https:\/\/www.europesays.com\/fr\/wp-json\/wp\/v2\/posts"}],"about":[{"href":"https:\/\/www.europesays.com\/fr\/wp-json\/wp\/v2\/types\/post"}],"author":[{"embeddable":true,"href":"https:\/\/www.europesays.com\/fr\/wp-json\/wp\/v2\/users\/2"}],"replies":[{"embeddable":true,"href":"https:\/\/www.europesays.com\/fr\/wp-json\/wp\/v2\/comments?post=303881"}],"version-history":[{"count":0,"href":"https:\/\/www.europesays.com\/fr\/wp-json\/wp\/v2\/posts\/303881\/revisions"}],"wp:featuredmedia":[{"embeddable":true,"href":"https:\/\/www.europesays.com\/fr\/wp-json\/wp\/v2\/media\/303882"}],"wp:attachment":[{"href":"https:\/\/www.europesays.com\/fr\/wp-json\/wp\/v2\/media?parent=303881"}],"wp:term":[{"taxonomy":"category","embeddable":true,"href":"https:\/\/www.europesays.com\/fr\/wp-json\/wp\/v2\/categories?post=303881"},{"taxonomy":"post_tag","embeddable":true,"href":"https:\/\/www.europesays.com\/fr\/wp-json\/wp\/v2\/tags?post=303881"}],"curies":[{"name":"wp","href":"https:\/\/api.w.org\/{rel}","templated":true}]}}