{"id":303883,"date":"2025-08-08T00:03:11","date_gmt":"2025-08-08T00:03:11","guid":{"rendered":"https:\/\/www.europesays.com\/fr\/303883\/"},"modified":"2025-08-08T00:03:11","modified_gmt":"2025-08-08T00:03:11","slug":"previsions-du-vendredi-8-aout-2025-4","status":"publish","type":"post","link":"https:\/\/www.europesays.com\/fr\/303883\/","title":{"rendered":"pr\u00e9visions du vendredi 8 ao\u00fbt 2025"},"content":{"rendered":"<p>Un superbe soleil brillera sur Strasbourg, o\u00f9 la journ\u00e9e s&rsquo;annoncera des plus agr\u00e9ables. Les temp\u00e9ratures s&rsquo;\u00e9chelonneront de 15 \u00e0 31\u00b0C. Il va faire 23\u00b0C en moyenne le matin. Un vent de sud-ouest rafra\u00eechira un peu l&rsquo;atmosph\u00e8re. L&rsquo;air ambiant va se r\u00e9chauffer l&rsquo;apr\u00e8s-midi avec une hausse de plusieurs degr\u00e9s. Les valeurs maximums annonc\u00e9es sont importantes, avec 31\u00b0C. Le passage de vendredi \u00e0 samedi se fera sous un ciel d\u00e9pourvu de nuages.<\/p>\n<p>Demain, un grand soleil rayonnera sur Strasbourg. C&rsquo;est une hausse de quelques degr\u00e9s que vont conna\u00eetre les temp\u00e9ratures. L&rsquo;\u00e9pisode de grosses chaleurs est bien l\u00e0, avec des temp\u00e9ratures qui pourront monter jusqu&rsquo;\u00e0 33\u00b0C. Les valeurs afficheront entre 17 et 33\u00b0C. Une petite brise de sud-est sera ressentie par les habitants. Le matin, on anticipe des temp\u00e9ratures avoisinant 24\u00b0C. Une m\u00e9t\u00e9o plus chaude est \u00e0 pr\u00e9voir demain apr\u00e8s-midi puisque les temp\u00e9ratures vont enregistrer une augmentation. La ville va p\u00e2tir des fortes chaleurs avec des valeurs qui devraient grimper \u00e0 33\u00b0C. Les temp\u00e9ratures avoisineront les 26\u00b0C dans la soir\u00e9e.<\/p>\n<p>Les jours qui suivent s&rsquo;annoncent similaires. On pr\u00e9voit des journ\u00e9es ensoleill\u00e9es, accompagn\u00e9es par des temp\u00e9ratures dans les 30\u00b0C en moyenne.<\/p>\n<p>Sachez que la chaleur conduit \u00e0 l&rsquo;affaiblissement : \u00e9vitez tout effort physique pendant la journ\u00e9e, principalement entre midi et 16h. Dans tous les cas, buvez de l&rsquo;eau fr\u00e9quemment, sans attendre d&rsquo;avoir soif !<\/p>\n","protected":false},"excerpt":{"rendered":"Un superbe soleil brillera sur Strasbourg, o\u00f9 la journ\u00e9e s&rsquo;annoncera des plus agr\u00e9ables. Les temp\u00e9ratures s&rsquo;\u00e9chelonneront de 15&hellip;\n","protected":false},"author":2,"featured_media":303884,"comment_status":"","ping_status":"","sticky":false,"template":"","format":"standard","meta":{"footnotes":""},"categories":[2820],"tags":[1111,11,2389,2649,1777,674,1011,27,775,12,2119,25,640],"class_list":{"0":"post-303883","1":"post","2":"type-post","3":"status-publish","4":"format-standard","5":"has-post-thumbnail","7":"category-strasbourg","8":"tag-actu","9":"tag-actualites","10":"tag-alsace","11":"tag-bas-rhin","12":"tag-eu","13":"tag-europe","14":"tag-fr","15":"tag-france","16":"tag-grand-est","17":"tag-news","18":"tag-previsions-meteo","19":"tag-republique-francaise","20":"tag-strasbourg"},"share_on_mastodon":{"url":"https:\/\/pubeurope.com\/@fr\/114990219529767828","error":""},"_links":{"self":[{"href":"https:\/\/www.europesays.com\/fr\/wp-json\/wp\/v2\/posts\/303883","targetHints":{"allow":["GET"]}}],"collection":[{"href":"https:\/\/www.europesays.com\/fr\/wp-json\/wp\/v2\/posts"}],"about":[{"href":"https:\/\/www.europesays.com\/fr\/wp-json\/wp\/v2\/types\/post"}],"author":[{"embeddable":true,"href":"https:\/\/www.europesays.com\/fr\/wp-json\/wp\/v2\/users\/2"}],"replies":[{"embeddable":true,"href":"https:\/\/www.europesays.com\/fr\/wp-json\/wp\/v2\/comments?post=303883"}],"version-history":[{"count":0,"href":"https:\/\/www.europesays.com\/fr\/wp-json\/wp\/v2\/posts\/303883\/revisions"}],"wp:featuredmedia":[{"embeddable":true,"href":"https:\/\/www.europesays.com\/fr\/wp-json\/wp\/v2\/media\/303884"}],"wp:attachment":[{"href":"https:\/\/www.europesays.com\/fr\/wp-json\/wp\/v2\/media?parent=303883"}],"wp:term":[{"taxonomy":"category","embeddable":true,"href":"https:\/\/www.europesays.com\/fr\/wp-json\/wp\/v2\/categories?post=303883"},{"taxonomy":"post_tag","embeddable":true,"href":"https:\/\/www.europesays.com\/fr\/wp-json\/wp\/v2\/tags?post=303883"}],"curies":[{"name":"wp","href":"https:\/\/api.w.org\/{rel}","templated":true}]}}