{"id":303885,"date":"2025-08-08T00:04:14","date_gmt":"2025-08-08T00:04:14","guid":{"rendered":"https:\/\/www.europesays.com\/fr\/303885\/"},"modified":"2025-08-08T00:04:14","modified_gmt":"2025-08-08T00:04:14","slug":"mathis-amougou-il-y-a-un-plan-qui-mest-destine-alsasports","status":"publish","type":"post","link":"https:\/\/www.europesays.com\/fr\/303885\/","title":{"rendered":"Mathis Amougou : \u00ab\u00a0Il y a un plan qui m&rsquo;est destin\u00e9\u00a0\u00bb \u2014 Alsa&rsquo;Sports"},"content":{"rendered":"<p><strong>Le nouveau milieu du Racing Mathis Amougou (19 ans) nous a accord\u00e9 son premier entretien face cam\u00e9ra pour \u00e9voquer son int\u00e9gration \u00e0 Strasbourg, son profil de jeu, sa mentalit\u00e9 et son envie folle de r\u00e9ussir au club. Entretien. <\/strong><\/p>\n<p>C\u2019est dans l\u2019h\u00f4tel \u00e9toil\u00e9 des Strasbourgeois, \u00e0 Bad H\u00e4ring lors du quatri\u00e8me jour de stage autrichien, que nous sommes all\u00e9s \u00e0 la rencontre de l\u2019une des nombreuses recrues. Un milieu de terrain, Fran\u00e7ais, form\u00e9 \u00e0 Saint-\u00c9tienne, transf\u00e9r\u00e9 15 millions d\u2019euros \u00e0 Chelsea en f\u00e9vrier et directement achet\u00e9 par le Racing cet \u00e9t\u00e9. Au moment d\u2019installer le mat\u00e9riel et de l\u2019\u00e9quiper d\u2019un micro, Mathis Amougou (19 ans) semblait calme, souriant, m\u00eame s\u2019il a rapidement confi\u00e9 qu\u2019il s\u2019agissait de sa premi\u00e8re interview face cam\u00e9ra (l\u2019entretien est \u00e9galement disponible en format vid\u00e9o sur Youtube <a href=\"https:\/\/youtu.be\/Pv6kIMo3Q3c?si=_3zZRD-TNdMkHGHq\" target=\"_blank\" rel=\"noopener\">ICI<\/a>). <\/p>\n<p>Certains co\u00e9quipiers chambreurs (Dilane Bakwa, F\u00e9lix Lemar\u00e9chal, Diego Moreira, S\u00e9kou Mara et Saidou Sow) tra\u00eenaient \u00e0 c\u00f4t\u00e9 et ont eu la bonne id\u00e9e de venir autour de nous pour suivre attentivement les premiers mots du nouveau. R\u00e9agissant exag\u00e9r\u00e9ment \u00e0 certains termes ou lui soufflant des r\u00e9ponses pour le faire rire et le d\u00e9concentrer, parfois. Mais apr\u00e8s tout, c\u2019est l\u2019ambiance taquine qui r\u00e8gne dans ce groupe, alors pourquoi faire sans ?<\/p>\n<p><strong>Tu es \u00e0 Strasbourg depuis quelques semaines, comment te sens-tu et comment s\u2019est pass\u00e9e ton int\u00e9gration \u00e0 Strasbourg ?<\/strong><\/p>\n<p>Le groupe m\u2019a bien accueilli donc je suis tr\u00e8s content. Ils sont l\u00e0 d\u2019ailleurs (il montre de la main Dilane Bakwa, F\u00e9lix Lemar\u00e9chal et Diego Moreira, d\u00e9j\u00e0 rieurs derri\u00e8re la cam\u00e9ra).<\/p>\n<p><strong>As-tu suivi de loin la saison derni\u00e8re de tes nouveaux co\u00e9quipiers ? Ou d\u00e9couvres-tu cette joie collective ?\u00a0<\/strong><\/p>\n<p>Forc\u00e9ment apr\u00e8s ce qu\u2019ils ont fait, on ne pouvait que les suivre, ils \u00e9taient agr\u00e9ables \u00e0 voir jouer. Dommage qu\u2019il n\u2019y a pas eu la Ligue des champions en fin de saison mais le parcours reste honorable. <\/p>\n<p><strong>Tu connais Rabby Nzingoula et Rayane Messi des \u00e9quipes de Frances jeunes\u2026<\/strong><\/p>\n<p>Mamadou (Sarr) aussi ! C\u2019est plus simple quand tu arrives et que tu connais du monde. Apr\u00e8s c\u2019est un groupe qui est jeune en g\u00e9n\u00e9ral, donc tout le monde s\u2019entend bien. \u00c7a ne peut que me plaire !<\/p>\n<p class=\"has-medium-font-size\"><strong>\u00ab\u00a0Bellingham et De Bruyne m\u2019impressionnent\u00a0\u00bb<\/strong><\/p>\n<p><strong>Es-tu milieu de terrain central ou d\u00e9fensif, que pr\u00e9f\u00e8res-tu ?<\/strong> <strong>Qu\u2019apprends-tu depuis ton arriv\u00e9e ici ?<\/strong><\/p>\n<p>J\u2019aime faire les deux. Je n\u2019ai pas forc\u00e9ment de blocages, j\u2019aime attaquer et d\u00e9fendre. Ce poste est assez nouveau pour moi, ce n\u2019\u00e9tait pas le m\u00eame dispositif \u00e0 Saint-\u00c9tienne. Sur l\u2019aspect tactique, je progresse en restant bien dans ma zone, en analysant les espaces \u00e0 prendre. J\u2019aime avoir le ballon, attaquer, c\u2019est ce qu\u2019il me pla\u00eet.  <\/p>\n<p><strong>Regardes-tu des matches pendant ton temps libre ?\u00a0<\/strong><\/p>\n<p>Oui, j\u2019aime regarder des matches, comprendre, analyser. \u00c7a peut \u00eatre de tout : Ligue 1, matches de comp\u00e9titions europ\u00e9ennes, j\u2019aime tout\u2026<\/p>\n<p><strong>J\u2019ai lu que tu t\u2019inspirais de milieux comme De Bruyne ou Bellingham, pourquoi eux particuli\u00e8rement ?<\/strong><\/p>\n<p>Bellingham c\u2019est son coffre, la fa\u00e7on dont il se bat pour l\u2019\u00e9quipe. Puis leur qualit\u00e9 de passe, c\u2019est \u00e7a qui m\u2019impressionne et qui ressort chez eux. <\/p>\n<p><img loading=\"lazy\" decoding=\"async\" width=\"1064\" height=\"826\" src=\"https:\/\/www.europesays.com\/fr\/wp-content\/uploads\/2025\/08\/Capture-decran-2025-08-07-a-23.34.19.png\" alt=\"\" class=\"wp-image-74244\" style=\"width:889px;height:auto\"  \/><\/p>\n<p><strong>Tu es form\u00e9 \u00e0 Saint-Etienne avant d\u2019\u00eatre recrut\u00e9 par Chelsea en f\u00e9vrier. En quoi le foot est-il diff\u00e9rent l\u00e0-bas ?<\/strong><\/p>\n<p>C\u2019est la Premier League, le meilleur championnat du monde, donc tu apprends forc\u00e9ment. C\u2019est plus physique, plus intense, c\u2019\u00e9tait une bonne exp\u00e9rience d\u2019\u00eatre l\u00e0-bas. <\/p>\n<p><strong>Le milieu \u00e9tait le point fort du Racing l\u2019ann\u00e9e derni\u00e8re. Andrey Santos et Habib Diarra sont partis, mais j\u2019imagine que cela ne t\u2019inqui\u00e8te pas d\u2019essayer de faire aussi bien ?\u00a0<\/strong><\/p>\n<p>Je ne me mets pas en t\u00eate de les remplacer, je viens en tant que Mathis Amougou. Je vais jouer mon football, continuer de progresser et me d\u00e9velopper. C\u2019est ce qui m\u2019importe. <\/p>\n<p class=\"has-medium-font-size\"><strong>\u00ab\u00a0Mon \u00e9thique de travail est naturelle\u00a0\u00bb<\/strong><\/p>\n<p><strong>J\u2019ai lu que tes anciens \u00e9ducateurs \u00e0 Torcy (le club de son adolescence, en Seine-et-Marne) disaient de toi que tu as toujours \u00e9t\u00e9 mature, studieux, avec l\u2019envie d\u2019\u00eatre professionnel assez t\u00f4t. D\u2019o\u00f9 vient cette \u00e9thique de travail ?<\/strong><\/p>\n<p>C\u2019est naturel, c\u2019est en moi. J\u2019aime travailler, je suis d\u00e9termin\u00e9 dans ce que je fais depuis petit donc je reste comme \u00e7a. Toute l\u2019\u00e9quipe a cette mentalit\u00e9 donc \u00e7a ne peut que m\u2019aider. <\/p>\n<p><strong>Connais-tu d\u00e9j\u00e0 un peu la ville ? L\u2019Alsace ?<\/strong><\/p>\n<p>Non pas du tout, je ne connais pas du tout, je vais d\u00e9couvrir. <\/p>\n<p><strong>Tu vas d\u00e9couvrir la Meinau ! Tu as jou\u00e9 \u00e0 Geoffroy Guichard, mais cette fois le stade sera bleu !\u00a0<\/strong><\/p>\n<p>Geoffroy Guichard c\u2019est quelque chose, donc je ne mets pas de pression l\u00e0-dessus. Je sais que les supporters seront avec nous donc j\u2019ai h\u00e2te. <\/p>\n<p><strong>R\u00e9cup\u00e9ration ou projection ? <\/strong><\/p>\n<p>Projection.<\/p>\n<p><strong>Tacle gliss\u00e9 ou duel de l\u2019\u00e9paule ?<\/strong><\/p>\n<p>Tacle gliss\u00e9.<\/p>\n<p><strong>But ou passe d\u00e9cisive ?<\/strong><\/p>\n<p>But (sourire en coin). <\/p>\n<p><strong>Attaque plac\u00e9e ou contre \u00e9clair ?<\/strong><\/p>\n<p>Attaque plac\u00e9e.<\/p>\n<p class=\"has-medium-font-size\"><strong>\u00ab\u00a0Il y a un plan pour moi auquel je crois fortement\u00a0\u00bb<\/strong><\/p>\n<p><strong>Celui qui t\u2019as le plus chambr\u00e9 depuis que tu es \u00e0 Strasbourg ?<\/strong><\/p>\n<p>(Il sourit) Diego Moreira je pense !<\/p>\n<p><strong>\u00c0 ton avis, le plus technique du groupe ?\u00a0<\/strong><\/p>\n<p>(Il dirige son regard vers Dilane Bakwa et Diego Moreira juste derri\u00e8re la cam\u00e9ra en souriant) Il y en a des techniciens ! Dilane (Bakwa), F\u00e9lix (Lemar\u00e9chal)\u2026 Je dirais les deux !<\/p>\n<p><strong>Qu\u2019est-ce que tu me r\u00e9ponds si je te dis : \u201cOn deviendra ce qu\u2019on doit \u00eatre\u201d ?<\/strong><\/p>\n<p>Je la connais celle-l\u00e0, elle vient de moi (il sourit) ! \u00c7a veut dire qu\u2019il y a un plan pour moi, quelque chose qui m\u2019est destin\u00e9 et j\u2019y crois fortement. Donc peu importe les emb\u00fbches qu\u2019il peut y avoir, les d\u00e9faites comme les victoires, tout est \u00e9crit. Amen (dit-il en riant apr\u00e8s que ses chambreurs de co\u00e9quipiers le lui aient souffl\u00e9 dans l\u2019hilarit\u00e9 g\u00e9n\u00e9rale). <\/p>\n<p><strong>Un mot pour les supporters du Racing ?<\/strong><\/p>\n<p>Jetzt geht\u2019s los ! C\u2019est tout (rires) !<\/p>\n<p><img loading=\"lazy\" decoding=\"async\" width=\"1600\" height=\"1067\" src=\"https:\/\/www.europesays.com\/fr\/wp-content\/uploads\/2025\/08\/MINIA-1600x1067.jpg\" alt=\"\" class=\"wp-image-74242\" style=\"width:907px;height:auto\"  \/><\/p>\n<p><strong>Interview : Dorian Faucherand. Cam\u00e9ra \/ Photos : Elo\u00efse Franchi. <\/strong><\/p>\n<p>Cet entretien est \u00e9galement disponible en format vid\u00e9o sur Youtube <a href=\"https:\/\/youtu.be\/Pv6kIMo3Q3c?si=_3zZRD-TNdMkHGHq\" target=\"_blank\" rel=\"noopener\">ICI<\/a>. <\/p>\n","protected":false},"excerpt":{"rendered":"Le nouveau milieu du Racing Mathis Amougou (19 ans) nous a accord\u00e9 son premier entretien face cam\u00e9ra pour&hellip;\n","protected":false},"author":2,"featured_media":303886,"comment_status":"","ping_status":"","sticky":false,"template":"","format":"standard","meta":{"footnotes":""},"categories":[2820],"tags":[1111,11,1777,674,63,1011,27,775,66,41828,12,4448,25,640],"class_list":{"0":"post-303885","1":"post","2":"type-post","3":"status-publish","4":"format-standard","5":"has-post-thumbnail","7":"category-strasbourg","8":"tag-actu","9":"tag-actualites","10":"tag-eu","11":"tag-europe","12":"tag-football","13":"tag-fr","14":"tag-france","15":"tag-grand-est","16":"tag-ligue-1","17":"tag-mathis-amougou","18":"tag-news","19":"tag-rc-strasbourg","20":"tag-republique-francaise","21":"tag-strasbourg"},"share_on_mastodon":{"url":"https:\/\/pubeurope.com\/@fr\/114990223469107393","error":""},"_links":{"self":[{"href":"https:\/\/www.europesays.com\/fr\/wp-json\/wp\/v2\/posts\/303885","targetHints":{"allow":["GET"]}}],"collection":[{"href":"https:\/\/www.europesays.com\/fr\/wp-json\/wp\/v2\/posts"}],"about":[{"href":"https:\/\/www.europesays.com\/fr\/wp-json\/wp\/v2\/types\/post"}],"author":[{"embeddable":true,"href":"https:\/\/www.europesays.com\/fr\/wp-json\/wp\/v2\/users\/2"}],"replies":[{"embeddable":true,"href":"https:\/\/www.europesays.com\/fr\/wp-json\/wp\/v2\/comments?post=303885"}],"version-history":[{"count":0,"href":"https:\/\/www.europesays.com\/fr\/wp-json\/wp\/v2\/posts\/303885\/revisions"}],"wp:featuredmedia":[{"embeddable":true,"href":"https:\/\/www.europesays.com\/fr\/wp-json\/wp\/v2\/media\/303886"}],"wp:attachment":[{"href":"https:\/\/www.europesays.com\/fr\/wp-json\/wp\/v2\/media?parent=303885"}],"wp:term":[{"taxonomy":"category","embeddable":true,"href":"https:\/\/www.europesays.com\/fr\/wp-json\/wp\/v2\/categories?post=303885"},{"taxonomy":"post_tag","embeddable":true,"href":"https:\/\/www.europesays.com\/fr\/wp-json\/wp\/v2\/tags?post=303885"}],"curies":[{"name":"wp","href":"https:\/\/api.w.org\/{rel}","templated":true}]}}