{"id":303887,"date":"2025-08-08T00:05:11","date_gmt":"2025-08-08T00:05:11","guid":{"rendered":"https:\/\/www.europesays.com\/fr\/303887\/"},"modified":"2025-08-08T00:05:11","modified_gmt":"2025-08-08T00:05:11","slug":"previsions-du-vendredi-8-aout-2025-5","status":"publish","type":"post","link":"https:\/\/www.europesays.com\/fr\/303887\/","title":{"rendered":"pr\u00e9visions du vendredi 8 ao\u00fbt 2025"},"content":{"rendered":"<p>Un bel ensoleillement est pr\u00e9vu aujourd&rsquo;hui \u00e0 Nice. Les temp\u00e9ratures seront de 26\u00b0C. Une petite brise de nord-ouest sera ressentie par les habitants. Les valeurs s&rsquo;\u00e9chelonneront entre 24\u00b0C et 28\u00b0C dans la matin\u00e9e. L&rsquo;apr\u00e8s-midi, les temp\u00e9ratures seront comprises entre 27 et 28\u00b0C. Les valeurs iront de 25 \u00e0 26\u00b0C sur l&rsquo;ensemble de la soir\u00e9e. Le passage de vendredi \u00e0 samedi s&rsquo;effectuera sous un ciel clair.<\/p>\n<p>C&rsquo;est un soleil radieux qui va se montrer demain sur Nice. L&rsquo;air ambiant va se r\u00e9chauffer avec une hausse de quelques degr\u00e9s. L&rsquo;\u00e9pisode d&rsquo;importantes chaleurs est bien l\u00e0, avec des temp\u00e9ratures qui risqueront de monter jusqu&rsquo;\u00e0 30\u00b0C. Les valeurs afficheront entre 24 et 30\u00b0C. Le matin, on pr\u00e9voit des temp\u00e9ratures avoisinant 28\u00b0C. Un l\u00e9ger vent de sud-est soufflera. Les valeurs maximums annonc\u00e9es demain apr\u00e8s-midi sont \u00e9lev\u00e9es, avec 30\u00b0C. Les temp\u00e9ratures seront de 27\u00b0C au minimum et de 30\u00b0C au plus haut. Les maximales atteindront les 26\u00b0C dans la soir\u00e9e et les minimales seront de 24\u00b0C. Un vent de nord-ouest rafra\u00eechira sensiblement l&rsquo;atmosph\u00e8re.<\/p>\n<p>Pour la suite, la m\u00e9t\u00e9o ne bougera pas. Il fera 31\u00b0C en moyenne pour des journ\u00e9es avec un temps ensoleill\u00e9.<\/p>\n<p><\/p>\n","protected":false},"excerpt":{"rendered":"Un bel ensoleillement est pr\u00e9vu aujourd&rsquo;hui \u00e0 Nice. Les temp\u00e9ratures seront de 26\u00b0C. Une petite brise de nord-ouest&hellip;\n","protected":false},"author":2,"featured_media":303888,"comment_status":"","ping_status":"","sticky":false,"template":"","format":"standard","meta":{"footnotes":""},"categories":[2819],"tags":[1111,11,2898,1777,674,1011,27,12,2401,883,2119,882,25],"class_list":{"0":"post-303887","1":"post","2":"type-post","3":"status-publish","4":"format-standard","5":"has-post-thumbnail","7":"category-nice","8":"tag-actu","9":"tag-actualites","10":"tag-alpes-maritimes","11":"tag-eu","12":"tag-europe","13":"tag-fr","14":"tag-france","15":"tag-news","16":"tag-nice","17":"tag-paca","18":"tag-previsions-meteo","19":"tag-provence-alpes-cote-dazur","20":"tag-republique-francaise"},"share_on_mastodon":{"url":"https:\/\/pubeurope.com\/@fr\/114990227441113836","error":""},"_links":{"self":[{"href":"https:\/\/www.europesays.com\/fr\/wp-json\/wp\/v2\/posts\/303887","targetHints":{"allow":["GET"]}}],"collection":[{"href":"https:\/\/www.europesays.com\/fr\/wp-json\/wp\/v2\/posts"}],"about":[{"href":"https:\/\/www.europesays.com\/fr\/wp-json\/wp\/v2\/types\/post"}],"author":[{"embeddable":true,"href":"https:\/\/www.europesays.com\/fr\/wp-json\/wp\/v2\/users\/2"}],"replies":[{"embeddable":true,"href":"https:\/\/www.europesays.com\/fr\/wp-json\/wp\/v2\/comments?post=303887"}],"version-history":[{"count":0,"href":"https:\/\/www.europesays.com\/fr\/wp-json\/wp\/v2\/posts\/303887\/revisions"}],"wp:featuredmedia":[{"embeddable":true,"href":"https:\/\/www.europesays.com\/fr\/wp-json\/wp\/v2\/media\/303888"}],"wp:attachment":[{"href":"https:\/\/www.europesays.com\/fr\/wp-json\/wp\/v2\/media?parent=303887"}],"wp:term":[{"taxonomy":"category","embeddable":true,"href":"https:\/\/www.europesays.com\/fr\/wp-json\/wp\/v2\/categories?post=303887"},{"taxonomy":"post_tag","embeddable":true,"href":"https:\/\/www.europesays.com\/fr\/wp-json\/wp\/v2\/tags?post=303887"}],"curies":[{"name":"wp","href":"https:\/\/api.w.org\/{rel}","templated":true}]}}