{"id":303891,"date":"2025-08-08T00:07:09","date_gmt":"2025-08-08T00:07:09","guid":{"rendered":"https:\/\/www.europesays.com\/fr\/303891\/"},"modified":"2025-08-08T00:07:09","modified_gmt":"2025-08-08T00:07:09","slug":"previsions-du-vendredi-8-aout-2025-6","status":"publish","type":"post","link":"https:\/\/www.europesays.com\/fr\/303891\/","title":{"rendered":"pr\u00e9visions du vendredi 8 ao\u00fbt 2025"},"content":{"rendered":"<p>Un splendide soleil brillera sur Nantes, o\u00f9 la journ\u00e9e s&rsquo;annoncera des plus plaisantes. Les temp\u00e9ratures seront de 13\u00b0C au minimum et de 31\u00b0C au plus haut. Les valeurs avoisineront les 22\u00b0C dans la matin\u00e9e. Une petite brise de nord-est soufflera. Le temps va se r\u00e9chauffer l&rsquo;apr\u00e8s-midi avec une hausse de plusieurs degr\u00e9s. Les temp\u00e9ratures maximums attendues sont importantes, avec 31\u00b0C. Les valeurs seront comprises entre 29 et 31\u00b0C. Entre vendredi et samedi, la nuit sera claire.<\/p>\n<p>Demain, les Nantais vont pouvoir profiter d&rsquo;un soleil radieux. C&rsquo;est une hausse de quelques degr\u00e9s que vont conna\u00eetre les temp\u00e9ratures. Prenez garde \u00e0 la vague de chaud. Des temp\u00e9ratures de 14 \u00e0 33\u00b0C sont annonc\u00e9es. Les valeurs s&rsquo;\u00e9chelonneront entre 14 et 33\u00b0C. Le matin, un modeste vent de nord sera ressenti par les habitants. Une m\u00e9t\u00e9o plus chaude est \u00e0 pr\u00e9voir demain apr\u00e8s-midi puisque les temp\u00e9ratures vont enregistrer une augmentation. La ville va subir une vague de grosses chaleurs avec des temp\u00e9ratures qui atteindront parfois les 33\u00b0C. Demain soir, la ville sera touch\u00e9e par un vent de nord-est de 25 km\/h.<\/p>\n<p>Les jours se suivent et ne changent pas. Il fera 37\u00b0C en moyenne pour des journ\u00e9es avec un ciel ensoleill\u00e9.<\/p>\n<p><\/p>\n","protected":false},"excerpt":{"rendered":"Un splendide soleil brillera sur Nantes, o\u00f9 la journ\u00e9e s&rsquo;annoncera des plus plaisantes. Les temp\u00e9ratures seront de 13\u00b0C&hellip;\n","protected":false},"author":2,"featured_media":303892,"comment_status":"","ping_status":"","sticky":false,"template":"","format":"standard","meta":{"footnotes":""},"categories":[2818],"tags":[1111,11,1777,674,1011,27,3047,766,12,2636,2119,25],"class_list":{"0":"post-303891","1":"post","2":"type-post","3":"status-publish","4":"format-standard","5":"has-post-thumbnail","7":"category-nantes","8":"tag-actu","9":"tag-actualites","10":"tag-eu","11":"tag-europe","12":"tag-fr","13":"tag-france","14":"tag-loire-atlantique","15":"tag-nantes","16":"tag-news","17":"tag-pays-de-la-loire","18":"tag-previsions-meteo","19":"tag-republique-francaise"},"share_on_mastodon":{"url":"https:\/\/pubeurope.com\/@fr\/114990235187684342","error":""},"_links":{"self":[{"href":"https:\/\/www.europesays.com\/fr\/wp-json\/wp\/v2\/posts\/303891","targetHints":{"allow":["GET"]}}],"collection":[{"href":"https:\/\/www.europesays.com\/fr\/wp-json\/wp\/v2\/posts"}],"about":[{"href":"https:\/\/www.europesays.com\/fr\/wp-json\/wp\/v2\/types\/post"}],"author":[{"embeddable":true,"href":"https:\/\/www.europesays.com\/fr\/wp-json\/wp\/v2\/users\/2"}],"replies":[{"embeddable":true,"href":"https:\/\/www.europesays.com\/fr\/wp-json\/wp\/v2\/comments?post=303891"}],"version-history":[{"count":0,"href":"https:\/\/www.europesays.com\/fr\/wp-json\/wp\/v2\/posts\/303891\/revisions"}],"wp:featuredmedia":[{"embeddable":true,"href":"https:\/\/www.europesays.com\/fr\/wp-json\/wp\/v2\/media\/303892"}],"wp:attachment":[{"href":"https:\/\/www.europesays.com\/fr\/wp-json\/wp\/v2\/media?parent=303891"}],"wp:term":[{"taxonomy":"category","embeddable":true,"href":"https:\/\/www.europesays.com\/fr\/wp-json\/wp\/v2\/categories?post=303891"},{"taxonomy":"post_tag","embeddable":true,"href":"https:\/\/www.europesays.com\/fr\/wp-json\/wp\/v2\/tags?post=303891"}],"curies":[{"name":"wp","href":"https:\/\/api.w.org\/{rel}","templated":true}]}}