{"id":303895,"date":"2025-08-08T00:10:11","date_gmt":"2025-08-08T00:10:11","guid":{"rendered":"https:\/\/www.europesays.com\/fr\/303895\/"},"modified":"2025-08-08T00:10:11","modified_gmt":"2025-08-08T00:10:11","slug":"previsions-du-vendredi-8-aout-2025-7","status":"publish","type":"post","link":"https:\/\/www.europesays.com\/fr\/303895\/","title":{"rendered":"pr\u00e9visions du vendredi 8 ao\u00fbt 2025"},"content":{"rendered":"<p>Cette journ\u00e9e sera synonyme de beau soleil pour Bordeaux. Les temp\u00e9ratures afficheront entre 17 et 37\u00b0C. Une brise de nord-ouest soufflera doucement. La p\u00e9riode d&rsquo;importantes chaleurs est bien l\u00e0, avec des valeurs qui pourront monter jusqu&rsquo;\u00e0 33\u00b0C le matin. Les temp\u00e9ratures vont conna\u00eetre une hausse de plusieurs degr\u00e9s au cours de l&rsquo;apr\u00e8s-midi. Prenez garde \u00e0 la vague de chaleur. Des temp\u00e9ratures de 35 \u00e0 37\u00b0C sont annonc\u00e9es. La ville va conna\u00eetre, le soir, un passage de grosses chaleurs avec des valeurs qui atteindront parfois les 32\u00b0C. Le passage de vendredi \u00e0 samedi s&rsquo;effectuera sous un ciel limpide.<\/p>\n<p>Demain, un grand soleil rayonnera sur Bordeaux. Les temp\u00e9ratures \u00e9volueront entre 18 et 35\u2009\u00b0C. Les valeurs seront comprises entre 18 et 35\u00b0C. Un vent de nord-ouest rafra\u00eechira l\u00e9g\u00e8rement l&rsquo;atmosph\u00e8re. Les temp\u00e9ratures maximums attendues le matin sont \u00e9lev\u00e9es, avec 33\u00b0C. Les valeurs vont grimper pendant l&rsquo;apr\u00e8s-midi de plusieurs degr\u00e9s. Les fortes chaleurs sont install\u00e9es. Avec des valeurs situ\u00e9es entre 31 et 35\u00b0C. Dans la soir\u00e9e, les temp\u00e9ratures tourneront autour des 25\u00b0C.<\/p>\n<p>Peu d&rsquo;\u00e9volutions pour la suite. Comptez sur 40\u00b0C en moyenne qui accompagneront des journ\u00e9es ensoleill\u00e9es.<\/p>\n<p>M\u00eame si l&rsquo;on peut aimer la chaleur, il ne faut n\u00e9anmoins pas omettre de s&rsquo;en prot\u00e9ger et surtout rester vigilant vis-\u00e0-vis des personnes les plus fragiles. Une bonne hydratation et de la cr\u00e8me solaire sont indispensables face au soleil.<\/p>\n","protected":false},"excerpt":{"rendered":"Cette journ\u00e9e sera synonyme de beau soleil pour Bordeaux. Les temp\u00e9ratures afficheront entre 17 et 37\u00b0C. Une brise&hellip;\n","protected":false},"author":2,"featured_media":303896,"comment_status":"","ping_status":"","sticky":false,"template":"","format":"standard","meta":{"footnotes":""},"categories":[2817],"tags":[1111,11,3177,1997,1777,674,1011,27,2905,12,2219,2119,25],"class_list":{"0":"post-303895","1":"post","2":"type-post","3":"status-publish","4":"format-standard","5":"has-post-thumbnail","7":"category-bordeaux","8":"tag-actu","9":"tag-actualites","10":"tag-aquitaine","11":"tag-bordeaux","12":"tag-eu","13":"tag-europe","14":"tag-fr","15":"tag-france","16":"tag-gironde","17":"tag-news","18":"tag-nouvelle-aquitaine","19":"tag-previsions-meteo","20":"tag-republique-francaise"},"share_on_mastodon":{"url":"https:\/\/pubeurope.com\/@fr\/114990247079950763","error":""},"_links":{"self":[{"href":"https:\/\/www.europesays.com\/fr\/wp-json\/wp\/v2\/posts\/303895","targetHints":{"allow":["GET"]}}],"collection":[{"href":"https:\/\/www.europesays.com\/fr\/wp-json\/wp\/v2\/posts"}],"about":[{"href":"https:\/\/www.europesays.com\/fr\/wp-json\/wp\/v2\/types\/post"}],"author":[{"embeddable":true,"href":"https:\/\/www.europesays.com\/fr\/wp-json\/wp\/v2\/users\/2"}],"replies":[{"embeddable":true,"href":"https:\/\/www.europesays.com\/fr\/wp-json\/wp\/v2\/comments?post=303895"}],"version-history":[{"count":0,"href":"https:\/\/www.europesays.com\/fr\/wp-json\/wp\/v2\/posts\/303895\/revisions"}],"wp:featuredmedia":[{"embeddable":true,"href":"https:\/\/www.europesays.com\/fr\/wp-json\/wp\/v2\/media\/303896"}],"wp:attachment":[{"href":"https:\/\/www.europesays.com\/fr\/wp-json\/wp\/v2\/media?parent=303895"}],"wp:term":[{"taxonomy":"category","embeddable":true,"href":"https:\/\/www.europesays.com\/fr\/wp-json\/wp\/v2\/categories?post=303895"},{"taxonomy":"post_tag","embeddable":true,"href":"https:\/\/www.europesays.com\/fr\/wp-json\/wp\/v2\/tags?post=303895"}],"curies":[{"name":"wp","href":"https:\/\/api.w.org\/{rel}","templated":true}]}}