{"id":303899,"date":"2025-08-08T00:12:10","date_gmt":"2025-08-08T00:12:10","guid":{"rendered":"https:\/\/www.europesays.com\/fr\/303899\/"},"modified":"2025-08-08T00:12:10","modified_gmt":"2025-08-08T00:12:10","slug":"previsions-du-vendredi-8-aout-2025-8","status":"publish","type":"post","link":"https:\/\/www.europesays.com\/fr\/303899\/","title":{"rendered":"pr\u00e9visions du vendredi 8 ao\u00fbt 2025"},"content":{"rendered":"<p>Un splendide soleil va briller sur Toulouse et ce, tout au long de la journ\u00e9e. Les valeurs s&rsquo;\u00e9chelonneront de 18 \u00e0 39\u00b0C. D\u00e8s le matin, les temp\u00e9ratures \u00e9volueront entre 20 et 34\u2009\u00b0C. Un petit vent de sud-ouest soufflera. Les temp\u00e9ratures vont conna\u00eetre une augmentation de plusieurs degr\u00e9s lors de l&rsquo;apr\u00e8s-midi. La ville va conna\u00eetre un passage d&rsquo;importantes chaleurs avec des valeurs qui rejoindront parfois les 39\u00b0C. Le soir, de tr\u00e8s fortes chaleurs (entre 28\u00b0C et 35\u00b0C) sont annonc\u00e9es. Entre vendredi et samedi, la nuit sera claire.<\/p>\n<p>Demain, un grand soleil rayonnera sur Toulouse. C&rsquo;est une hausse de quelques degr\u00e9s que vont enregistrer les temp\u00e9ratures. Ces valeurs maximums attendues sont \u00e9lev\u00e9es, avec 40\u00b0C. Les valeurs seront comprises entre 20 et 40\u00b0C. Une modeste brise de sud-ouest sera ressentie par les habitants. Attention \u00e0 la vague de chaud dans la matin\u00e9e. Des temp\u00e9ratures de 22 \u00e0 34\u00b0C sont pr\u00e9vues. Les valeurs vont monter pendant l&rsquo;apr\u00e8s-midi de plusieurs degr\u00e9s. Les grosses chaleurs sont pr\u00e9sentes. Avec des valeurs comprises entre 36 et 40\u00b0C. Dans la soir\u00e9e, des pluies \u00e9parses sont pr\u00e9vues. La ville va souffrir d&rsquo;importantes chaleurs avec des temp\u00e9ratures qui pourraient grimper \u00e0 37\u00b0C.<\/p>\n<p>Pour la suite, le temps ne bougera pas. On anticipe des journ\u00e9es ensoleill\u00e9es, accompagn\u00e9es par des temp\u00e9ratures dans les 41\u00b0C en moyenne.<\/p>\n<p>Les beaux jours ne doivent pas occulter les dangers du soleil. Il faut bien entendu utiliser de l&rsquo;\u00e9cran solaire et penser \u00e0 s&rsquo;hydrater, mais aussi veiller \u00e0 \u00e9conomiser l&rsquo;eau du robinet.<\/p>\n","protected":false},"excerpt":{"rendered":"Un splendide soleil va briller sur Toulouse et ce, tout au long de la journ\u00e9e. Les valeurs s&rsquo;\u00e9chelonneront&hellip;\n","protected":false},"author":2,"featured_media":303900,"comment_status":"","ping_status":"","sticky":false,"template":"","format":"standard","meta":{"footnotes":""},"categories":[2816],"tags":[1111,11,1777,674,1011,27,2722,2721,12,2680,2119,25,2312],"class_list":{"0":"post-303899","1":"post","2":"type-post","3":"status-publish","4":"format-standard","5":"has-post-thumbnail","7":"category-toulouse","8":"tag-actu","9":"tag-actualites","10":"tag-eu","11":"tag-europe","12":"tag-fr","13":"tag-france","14":"tag-haute-garonne","15":"tag-midi-pyrenees","16":"tag-news","17":"tag-occitanie","18":"tag-previsions-meteo","19":"tag-republique-francaise","20":"tag-toulouse"},"share_on_mastodon":{"url":"https:\/\/pubeurope.com\/@fr\/114990254944477304","error":""},"_links":{"self":[{"href":"https:\/\/www.europesays.com\/fr\/wp-json\/wp\/v2\/posts\/303899","targetHints":{"allow":["GET"]}}],"collection":[{"href":"https:\/\/www.europesays.com\/fr\/wp-json\/wp\/v2\/posts"}],"about":[{"href":"https:\/\/www.europesays.com\/fr\/wp-json\/wp\/v2\/types\/post"}],"author":[{"embeddable":true,"href":"https:\/\/www.europesays.com\/fr\/wp-json\/wp\/v2\/users\/2"}],"replies":[{"embeddable":true,"href":"https:\/\/www.europesays.com\/fr\/wp-json\/wp\/v2\/comments?post=303899"}],"version-history":[{"count":0,"href":"https:\/\/www.europesays.com\/fr\/wp-json\/wp\/v2\/posts\/303899\/revisions"}],"wp:featuredmedia":[{"embeddable":true,"href":"https:\/\/www.europesays.com\/fr\/wp-json\/wp\/v2\/media\/303900"}],"wp:attachment":[{"href":"https:\/\/www.europesays.com\/fr\/wp-json\/wp\/v2\/media?parent=303899"}],"wp:term":[{"taxonomy":"category","embeddable":true,"href":"https:\/\/www.europesays.com\/fr\/wp-json\/wp\/v2\/categories?post=303899"},{"taxonomy":"post_tag","embeddable":true,"href":"https:\/\/www.europesays.com\/fr\/wp-json\/wp\/v2\/tags?post=303899"}],"curies":[{"name":"wp","href":"https:\/\/api.w.org\/{rel}","templated":true}]}}