{"id":303905,"date":"2025-08-08T00:15:49","date_gmt":"2025-08-08T00:15:49","guid":{"rendered":"https:\/\/www.europesays.com\/fr\/303905\/"},"modified":"2025-08-08T00:15:49","modified_gmt":"2025-08-08T00:15:49","slug":"accord-lille-psg-pour-le-transfert-de-lucas-chevalier","status":"publish","type":"post","link":"https:\/\/www.europesays.com\/fr\/303905\/","title":{"rendered":"accord Lille-PSG pour le transfert de Lucas Chevalier"},"content":{"rendered":"<p>\u00c0 en croire L\u2019\u00c9quipe, la question n\u2019est plus de savoir si Lucas Chevalier (23 ans) va rejoindre le Paris-SG, mais quand.<\/p>\n<p class=\"fig-paragraph\">La fum\u00e9e blanche pour Lucas Chevalier. \u00c0 en croire les informations de\u00a0<a href=\"https:\/\/www.lequipe.fr\/Football\/Actualites\/Mercato-accord-lille-psg-pour-lucas-chevalier\/1583722\" target=\"_blank\" rel=\"sponsored noopener\" data-gtm-custom-categorie=\"navigation\" data-gtm-custom-action=\"crossclick\" data-gtm-custom-label=\"Contextuel\" data-gtm-event=\"customEventSPE\">L\u2019\u00c9quipe<\/a>, le PSG s\u2019est entendu avec Lille au sujet du portier fran\u00e7ais de 23 ans.\u00a0<a href=\"http:\/\/www.lefigaro.fr\/sports\/football\/transferts\/psg-donnarumma-chevalier-les-dessous-des-grandes-manoeuvres-20250728\" data-fig-type=\"NewsFlash\" data-gtm-custom-categorie=\"navigation\" data-gtm-custom-action=\"crossclick\" data-gtm-custom-label=\"Contextuel\" data-gtm-event=\"customEventSPE\" data-fig-domain=\"LEFIGARO\" target=\"_blank\" rel=\"noopener\">L\u2019\u00e9pilogue annonc\u00e9 d\u2019un feuilleton qui dure depuis de longues semaines maintenant<\/a>. Appel\u00e9 par Didier Deschamps lors des derniers rassemblements de l\u2019\u00e9quipe de France mais pas encore international, le natif de Calais devrait d\u00e9barquer dans la capitale dans les prochains jours et afin de parapher un contrat de cinq ans en faveur des champions d\u2019Europe. Il est question d\u2019un transfert \u00e0 plus de 40 M\u20ac hors bonus, pr\u00e8s de 55 bonus compris. Les Dogues ont pr\u00e9c\u00e9demment refus\u00e9 deux offres parisiennes avant de c\u00e9der pour ce pur produit du centre de formation lilloise.\u00a0Apr\u00e8s Renato Marin (ex-Roma), ce sera la deuxi\u00e8me recrue de l\u2019\u00e9t\u00e9. En attendant l\u2019Ukrainien Illya Zabarnyi\u00a0?<\/p>\n<p class=\"fig-paragraph\">Les informations du quotidien sportif ont \u00e9t\u00e9 confirm\u00e9es dans la foul\u00e9e par plusieurs autres sources (Le Parisien, Fabrizio Romano, RMC&#8230;). \u00abIl reste d\u00e9sormais aux deux clubs \u00e0 finaliser des d\u00e9tails, \u00e0 mettre cet accord par \u00e9crit, avant de finaliser le transfert. Une question d\u2019heures simplement\u00bb, pr\u00e9cise-t-on \u00e0 L\u2019\u00c9quipe, laissant entendre que Chevalier pourrait \u00eatre Parisien avant la Supercoupe d\u2019Europe contre Tottenham, mercredi prochain, \u00e0 Udine.<\/p>\n<p>                                    <a class=\"fig-a11y-skip a11y-hidden\" href=\"#fig-a11y-skip-main-inarticle\"><br \/>\n        Passer la publicit\u00e9<br \/>\n    <\/a><\/p>\n<p>L\u2019\u00e9pineux dossier Donnarumma<\/p>\n<p class=\"fig-paragraph\">Reste \u00e0 trouver une porte de sortie pour Gianluigi Donnarumma, sous contrat jusqu\u2019en 2026 et qui n\u2019a pas trouv\u00e9 d\u2019accord avec le club parisien pour prolonger.\u00a0<a href=\"http:\/\/www.lefigaro.fr\/sports\/football\/transferts\/psg-donnarumma-chevalier-les-dessous-des-grandes-manoeuvres-20250728\" data-fig-type=\"NewsFlash\" data-gtm-custom-categorie=\"navigation\" data-gtm-custom-action=\"crossclick\" data-gtm-custom-label=\"Contextuel\" data-gtm-event=\"customEventSPE\" data-fig-domain=\"LEFIGARO\" target=\"_blank\" rel=\"noopener\">Comme Le Figaro l\u2019avait indiqu\u00e9<\/a>, Arnau Tenas ne sera pas retenu cet \u00e9t\u00e9. Rappelons que le PSG a d\u00e9j\u00e0 act\u00e9\u00a0<a href=\"http:\/\/www.lefigaro.fr\/sports\/football\/transferts\/mercato-le-psg-annonce-l-arrivee-d-un-gardien-de-19-ans-en-provenance-de-l-as-roma-20250717\" data-fig-type=\"NewsFlash\" data-gtm-custom-categorie=\"navigation\" data-gtm-custom-action=\"crossclick\" data-gtm-custom-label=\"Contextuel\" data-gtm-event=\"customEventSPE\" data-fig-domain=\"LEFIGARO\" target=\"_blank\" rel=\"noopener\">la venue du jeune (19 ans) portier italien Renato Marin<\/a>, en provenance de la Roma. Quid de Matfey Safonov, recrut\u00e9 pour 20 M\u20ac l\u2019an dernier\u00a0? Une chose est s\u00fbre\u00a0: Lucas Chevalier n\u2019arrivera pas au Paris-SG pour faire banquette, lui qui a rejoint la formation lilloise en 2014 et qui a gard\u00e9 les buts du club nordiste \u00e0 127 reprises. Il \u00e9tait encore \u00e0 pied d\u2019\u0153uvre mercredi lors de\u00a0<a href=\"http:\/\/www.lefigaro.fr\/sports\/football\/ligue-1\/amical-olivier-giroud-marque-ses-deux-premiers-buts-avec-lille-contre-venise-20250806\" data-fig-type=\"NewsFlash\" data-gtm-custom-categorie=\"navigation\" data-gtm-custom-action=\"crossclick\" data-gtm-custom-label=\"Contextuel\" data-gtm-event=\"customEventSPE\" data-fig-domain=\"LEFIGARO\" target=\"_blank\" rel=\"noopener\">la victoire du Losc contre Venise (3-0) en amical<\/a>. Probablement sa derni\u00e8re sortie avant de changer de dimension et de rev\u00eatir la tunique du Paris Saint-Germain.<\/p>\n","protected":false},"excerpt":{"rendered":"\u00c0 en croire L\u2019\u00c9quipe, la question n\u2019est plus de savoir si Lucas Chevalier (23 ans) va rejoindre le&hellip;\n","protected":false},"author":2,"featured_media":303906,"comment_status":"","ping_status":"","sticky":false,"template":"","format":"standard","meta":{"footnotes":""},"categories":[2815],"tags":[1111,11,1777,674,1011,27,10528,811,1307,2267,12,93,25],"class_list":{"0":"post-303905","1":"post","2":"type-post","3":"status-publish","4":"format-standard","5":"has-post-thumbnail","7":"category-lille","8":"tag-actu","9":"tag-actualites","10":"tag-eu","11":"tag-europe","12":"tag-fr","13":"tag-france","14":"tag-gianluigi-donnarumma","15":"tag-hauts-de-france","16":"tag-lille","17":"tag-losc","18":"tag-news","19":"tag-psg","20":"tag-republique-francaise"},"share_on_mastodon":{"url":"https:\/\/pubeurope.com\/@fr\/114990270737851160","error":""},"_links":{"self":[{"href":"https:\/\/www.europesays.com\/fr\/wp-json\/wp\/v2\/posts\/303905","targetHints":{"allow":["GET"]}}],"collection":[{"href":"https:\/\/www.europesays.com\/fr\/wp-json\/wp\/v2\/posts"}],"about":[{"href":"https:\/\/www.europesays.com\/fr\/wp-json\/wp\/v2\/types\/post"}],"author":[{"embeddable":true,"href":"https:\/\/www.europesays.com\/fr\/wp-json\/wp\/v2\/users\/2"}],"replies":[{"embeddable":true,"href":"https:\/\/www.europesays.com\/fr\/wp-json\/wp\/v2\/comments?post=303905"}],"version-history":[{"count":0,"href":"https:\/\/www.europesays.com\/fr\/wp-json\/wp\/v2\/posts\/303905\/revisions"}],"wp:featuredmedia":[{"embeddable":true,"href":"https:\/\/www.europesays.com\/fr\/wp-json\/wp\/v2\/media\/303906"}],"wp:attachment":[{"href":"https:\/\/www.europesays.com\/fr\/wp-json\/wp\/v2\/media?parent=303905"}],"wp:term":[{"taxonomy":"category","embeddable":true,"href":"https:\/\/www.europesays.com\/fr\/wp-json\/wp\/v2\/categories?post=303905"},{"taxonomy":"post_tag","embeddable":true,"href":"https:\/\/www.europesays.com\/fr\/wp-json\/wp\/v2\/tags?post=303905"}],"curies":[{"name":"wp","href":"https:\/\/api.w.org\/{rel}","templated":true}]}}