{"id":303907,"date":"2025-08-08T00:16:13","date_gmt":"2025-08-08T00:16:13","guid":{"rendered":"https:\/\/www.europesays.com\/fr\/303907\/"},"modified":"2025-08-08T00:16:13","modified_gmt":"2025-08-08T00:16:13","slug":"previsions-du-vendredi-8-aout-2025-10","status":"publish","type":"post","link":"https:\/\/www.europesays.com\/fr\/303907\/","title":{"rendered":"pr\u00e9visions du vendredi 8 ao\u00fbt 2025"},"content":{"rendered":"<p>Marseille aura la chance de pouvoir profiter d&rsquo;une belle journ\u00e9e ensoleill\u00e9e. Il fera en moyenne 26\u00b0C. Un vent de sud-ouest rafra\u00eechira quelque peu l&rsquo;atmosph\u00e8re. Les valeurs seront comprises entre 24\u00b0C et 27\u00b0C dans la matin\u00e9e. Les temp\u00e9ratures iront de 26 \u00e0 28\u00b0C sur l&rsquo;ensemble de l&rsquo;apr\u00e8s-midi. Le soir, on anticipe des valeurs avoisinant 25\u00b0C. Durant la nuit de vendredi \u00e0 samedi, le ciel sera limpide.<\/p>\n<p>Il va faire 26\u00b0C en moyenne \u00e0 Marseille demain. Un petit vent de sud-ouest sera ressenti par les habitants. C&rsquo;est un soleil radieux qui va briller le matin. Les temp\u00e9ratures tourneront autour des 26\u00b0C. La m\u00e9t\u00e9o va peu \u00e0 peu se voiler au cours de l&rsquo;apr\u00e8s-midi du fait de l&rsquo;arriv\u00e9e de nuages. Il faudra s&rsquo;attendre \u00e0 des perturbations, les Marseillais se retrouveront sous des pluies \u00e9parses. Les valeurs seront de 26\u00b0C au minimum et de 28\u00b0C au plus haut. Demain soir, toujours des nuages dans le ciel qui emp\u00eachent le soleil d&rsquo;appara\u00eetre. Le temps sera marqu\u00e9 par des pluies \u00e9parses. Les temp\u00e9ratures afficheront entre 24 et 26\u00b0C.<\/p>\n<p>Les jours s&rsquo;encha\u00eenent et ne changent pas. On pr\u00e9voit des journ\u00e9es ensoleill\u00e9es, accompagn\u00e9es par des temp\u00e9ratures dans les 29\u00b0C en moyenne.<\/p>\n<p><\/p>\n","protected":false},"excerpt":{"rendered":"Marseille aura la chance de pouvoir profiter d&rsquo;une belle journ\u00e9e ensoleill\u00e9e. Il fera en moyenne 26\u00b0C. Un vent&hellip;\n","protected":false},"author":2,"featured_media":303908,"comment_status":"","ping_status":"","sticky":false,"template":"","format":"standard","meta":{"footnotes":""},"categories":[2814],"tags":[1111,11,885,1777,674,1011,27,884,12,883,2119,882,25],"class_list":{"0":"post-303907","1":"post","2":"type-post","3":"status-publish","4":"format-standard","5":"has-post-thumbnail","7":"category-marseille","8":"tag-actu","9":"tag-actualites","10":"tag-bouches-du-rhone","11":"tag-eu","12":"tag-europe","13":"tag-fr","14":"tag-france","15":"tag-marseille","16":"tag-news","17":"tag-paca","18":"tag-previsions-meteo","19":"tag-provence-alpes-cote-dazur","20":"tag-republique-francaise"},"share_on_mastodon":{"url":"https:\/\/pubeurope.com\/@fr\/114990270801676370","error":""},"_links":{"self":[{"href":"https:\/\/www.europesays.com\/fr\/wp-json\/wp\/v2\/posts\/303907","targetHints":{"allow":["GET"]}}],"collection":[{"href":"https:\/\/www.europesays.com\/fr\/wp-json\/wp\/v2\/posts"}],"about":[{"href":"https:\/\/www.europesays.com\/fr\/wp-json\/wp\/v2\/types\/post"}],"author":[{"embeddable":true,"href":"https:\/\/www.europesays.com\/fr\/wp-json\/wp\/v2\/users\/2"}],"replies":[{"embeddable":true,"href":"https:\/\/www.europesays.com\/fr\/wp-json\/wp\/v2\/comments?post=303907"}],"version-history":[{"count":0,"href":"https:\/\/www.europesays.com\/fr\/wp-json\/wp\/v2\/posts\/303907\/revisions"}],"wp:featuredmedia":[{"embeddable":true,"href":"https:\/\/www.europesays.com\/fr\/wp-json\/wp\/v2\/media\/303908"}],"wp:attachment":[{"href":"https:\/\/www.europesays.com\/fr\/wp-json\/wp\/v2\/media?parent=303907"}],"wp:term":[{"taxonomy":"category","embeddable":true,"href":"https:\/\/www.europesays.com\/fr\/wp-json\/wp\/v2\/categories?post=303907"},{"taxonomy":"post_tag","embeddable":true,"href":"https:\/\/www.europesays.com\/fr\/wp-json\/wp\/v2\/tags?post=303907"}],"curies":[{"name":"wp","href":"https:\/\/api.w.org\/{rel}","templated":true}]}}