{"id":303909,"date":"2025-08-08T00:17:14","date_gmt":"2025-08-08T00:17:14","guid":{"rendered":"https:\/\/www.europesays.com\/fr\/303909\/"},"modified":"2025-08-08T00:17:14","modified_gmt":"2025-08-08T00:17:14","slug":"municipales-2026-le-conseil-constitutionnel-valide-la-reforme-du-vote-a-marseille-ce-que-ca-change","status":"publish","type":"post","link":"https:\/\/www.europesays.com\/fr\/303909\/","title":{"rendered":"Municipales 2026. Le Conseil constitutionnel valide la r\u00e9forme du vote \u00e0 Marseille : ce que \u00e7a change"},"content":{"rendered":"<p>            Par<br \/>\n        <strong><br \/>\n            <a href=\"https:\/\/actu.fr\/auteur\/fabien-binacchi\" title=\"Consulter tous les articles de Fabien Binacchi\" rel=\"nofollow noopener\" target=\"_blank\">Fabien Binacchi<\/a><br \/>\n        <\/strong><\/p>\n<p>        Publi\u00e9 le<\/p>\n<p>            7 ao\u00fbt 2025 \u00e0 23h59        <\/p>\n<p>Le Conseil constitutionnel a tranch\u00e9. Malgr\u00e9 des oppositions, les Sages ont valid\u00e9 ce jeudi 7\u00a0ao\u00fbt 2025 les termes de la r\u00e9forme de la loi dite PLM, pour Paris, Lyon et <a href=\"https:\/\/actu.fr\/marseille\/\" rel=\"nofollow noopener\" target=\"_blank\">Marseille<\/a>, qui doit s\u2019appliquer d\u00e8s les prochaines <a href=\"https:\/\/actu.fr\/politique\/elections-municipales\" rel=\"nofollow noopener\" target=\"_blank\">\u00e9lections municipales<\/a>, en 2026. Le texte, adopt\u00e9 par l\u2019Assembl\u00e9e nationale malgr\u00e9 l\u2019hostilit\u00e9 des s\u00e9nateurs, avait \u00e9t\u00e9 contest\u00e9 par \u00e9lus par des \u00e9lus de gauche et Les R\u00e9publicains (LR). Il \u00e9tablit <strong>un nouveau mode de scrutin beaucoup plus direct<\/strong> dans la cit\u00e9 phoc\u00e9enne. Voici les d\u00e9tails.<\/p>\n<p>Conforme \u00ab\u2009\u00e0 l\u2019objectif de pluralisme\u2009\u00bb<\/p>\n<p class=\" wall-content\">Les promoteurs de la r\u00e9forme ont voulu gommer <strong>une \u00ab\u2009anomalie d\u00e9mocratique\u2009\u00bb.<\/strong> Les membres du Conseil constitutionnel ont jug\u00e9 leur texte conforme \u00ab\u2009\u00e0 l\u2019objectif de valeur constitutionnelle de pluralisme des courants de pens\u00e9es et d\u2019opinions\u2009\u00bb.<\/p>\n<p class=\" wall-content\">Dans leur d\u00e9cision, ils estiment que le l\u00e9gislateur \u00e9tait fond\u00e9 \u00e0 vouloir \u00ab\u2009am\u00e9liorer la repr\u00e9sentation des diverses sensibilit\u00e9s politiques au sein des assembl\u00e9es d\u00e9lib\u00e9rantes\u2009\u00bb.<\/p>\n<p>Deux urnes \u00e0 Marseille<\/p>\n<p class=\" wall-content\">De fait, le nouveau mode de scrutin doit s\u2019appliquer d\u00e8s l\u2019\u00e9lection municipale de mars 2026, conduisant \u00e0 <strong>un syst\u00e8me de double \u00e9lection.<\/strong><\/p>\n<p class=\" wall-content\">Il y aura donc deux urnes \u00e0 Marseille :<\/p>\n<ul class=\" wall-content\">\n<li>La premi\u00e8re pour \u00e9lire les membres du conseil de la mairie centrale, qui votent ensuite pour le maire,<\/li>\n<li>La seconde pour d\u00e9signer ceux des 8 secteurs, qui regroupent chacun deux arrondissements des 16 que compte la ville.<\/li>\n<\/ul>\n<p>    <img   decoding=\"async\" loading=\"lazy\" src=\"https:\/\/www.europesays.com\/fr\/wp-content\/uploads\/2025\/08\/secteurs-arrondissements-marseillesvg-copie-960x640.jpg\" alt=\"La carte des arrondissements et des secteurs de Marseille.\" width=\"960\" height=\"640\"\/><br \/>\n    La carte des arrondissements et des secteurs de Marseille. (\u00a9Wikip\u00e9dia)Un syst\u00e8me qui avait profit\u00e9 \u00e0 Gaston Defferre<\/p>\n<p class=\" wall-content\">Jusque-l\u00e0, la loi PLM de 1982 pr\u00e9voyait que les \u00e9lecteurs marseillais votaient pour un ensemble de conseillers qui si\u00e9geaient \u00e0 la fois \u00e0 la mairie de secteur et au conseil de la mairie centrale. Avec une subtilit\u00e9\u2009: <strong>une prime majoritaire de 50%<\/strong> qui profitait aux listes arriv\u00e9es en t\u00eate de chaque suffrage. Et qui donnait parfois des r\u00e9sultats tr\u00e8s diff\u00e9rents de la majorit\u00e9 des bulletins \u00e0 l\u2019\u00e9chelle de la commune.<\/p>\n<p class=\" wall-content\">Une aubaine, notamment pour le socialiste Gaston Defferre, qui avait \u00e9t\u00e9 r\u00e9\u00e9lu maire de Marseille en 1983 apr\u00e8s avoir inspir\u00e9 cette loi. Il avait pu conserver son si\u00e8ge <strong>malgr\u00e9 un nombre de voix plus important pour la droite.<\/strong><\/p>\n<p>La droite lanc\u00e9e par cette annonce ?<\/p>\n<p class=\" wall-content\">Beno\u00eet Payan, l\u2019actuel maire DVG de Marseille n\u2019avait pas r\u00e9agi dans l\u2019imm\u00e9diat ce jeudi 7\u00a0ao\u00fbt. Un peu plus t\u00f4t, il avait salu\u00e9 le projet de r\u00e9forme, \u00e9voquant un nouveau mode de scrutin \u00ab\u2009qui met fin \u00e0 un syst\u00e8me d\u00e9rogatoire qui a fait son temps\u2009\u00bb et \u00ab\u2009\u00e9tait <strong>injuste<\/strong>\u2009\u00bb.<\/p>\n<p class=\" wall-content\">\n<p class=\" wall-content\">Les cadres de la droite phoc\u00e9enne l\u2019avaient, eux, descendu. Ils estiment finalement qu\u2019elles pourraient leur \u00eatre favorable. \u00ab\u2009Dans ce format, l\u2019union de la droite, du centre, des \u00e9cologistes raisonnables et des sociaux-d\u00e9mocrates peut gagner et mettre fin \u00e0 6 ann\u00e9es de recul pour la capitale r\u00e9gionale\u2009\u00bb, a tweet\u00e9 <strong>Renaud Muselier<\/strong> (Renaissance).<\/p>\n<p class=\" wall-content\">La patronne LR de la m\u00e9tropole et du d\u00e9partement <strong>Martine Vassal<\/strong>, dont la candidature semble d\u00e9sormais \u00e9vidente, s\u2019est, elle, f\u00e9licit\u00e9e de conna\u00eetre \u00ab\u2009enfin\u2009\u00bb le mode de scrutin de l\u2019\u00e9lection municipale prochaine. Terminant <a href=\"https:\/\/x.com\/MartineVassal\/status\/1953511170582737000\" rel=\"nofollow\">son post, sur X,<\/a> par une courte phrase en forme d\u2019annonce quasi officielle\u2009: \u00ab\u2009Unis, ensemble pour 2026\u2009!\u2009\u00bb<\/p>\n<p class=\" wall-content\">Suivez toute l\u2019actualit\u00e9 de vos villes et m\u00e9dias favoris en vous inscrivant \u00e0 <a href=\"https:\/\/moncompte.actu.fr\" title=\"D\u00e9couvez Mon Actu\" rel=\"nofollow noopener\" data-trk=\"{&quot;cta&quot;:{&quot;action&quot;:&quot;https:\\\/\\\/moncompte.actu.fr&quot;,&quot;category&quot;:&quot;mon compte&quot;,&quot;from&quot;:&quot;article footer&quot;,&quot;name&quot;:&quot;Mon actu&quot;,&quot;type&quot;:&quot;cta&quot;}}\" target=\"_blank\">Mon Actu<\/a>.<\/p>\n<ul class=\"ac-article-tag wall-content\">\n<li><a href=\"https:\/\/actu.fr\/tag\/benoit-payan\" data-trk=\"{&quot;cta&quot;:{&quot;action&quot;:&quot;Beno\\u00eet Payan&quot;,&quot;category&quot;:&quot;tag&quot;,&quot;from&quot;:&quot;article footer&quot;,&quot;name&quot;:&quot;Beno\\u00eet Payan&quot;,&quot;type&quot;:&quot;cta&quot;}}\" rel=\"nofollow noopener\" target=\"_blank\">#Beno\u00eet Payan<\/a><\/li>\n<li><a href=\"https:\/\/actu.fr\/tag\/municipales-2026\" data-trk=\"{&quot;cta&quot;:{&quot;action&quot;:&quot;Municipales 2026&quot;,&quot;category&quot;:&quot;tag&quot;,&quot;from&quot;:&quot;article footer&quot;,&quot;name&quot;:&quot;Municipales 2026&quot;,&quot;type&quot;:&quot;cta&quot;}}\" rel=\"nofollow noopener\" target=\"_blank\">#Municipales 2026<\/a><\/li>\n<\/ul>\n","protected":false},"excerpt":{"rendered":"Par Fabien Binacchi Publi\u00e9 le 7 ao\u00fbt 2025 \u00e0 23h59 Le Conseil constitutionnel a tranch\u00e9. Malgr\u00e9 des oppositions,&hellip;\n","protected":false},"author":2,"featured_media":303910,"comment_status":"","ping_status":"","sticky":false,"template":"","format":"standard","meta":{"footnotes":""},"categories":[2814],"tags":[1111,11,6469,1777,674,1011,27,884,3434,12,316,882,25],"class_list":{"0":"post-303909","1":"post","2":"type-post","3":"status-publish","4":"format-standard","5":"has-post-thumbnail","7":"category-marseille","8":"tag-actu","9":"tag-actualites","10":"tag-benoit-payan","11":"tag-eu","12":"tag-europe","13":"tag-fr","14":"tag-france","15":"tag-marseille","16":"tag-municipales-2026","17":"tag-news","18":"tag-politique","19":"tag-provence-alpes-cote-dazur","20":"tag-republique-francaise"},"share_on_mastodon":{"url":"https:\/\/pubeurope.com\/@fr\/114990274665007815","error":""},"_links":{"self":[{"href":"https:\/\/www.europesays.com\/fr\/wp-json\/wp\/v2\/posts\/303909","targetHints":{"allow":["GET"]}}],"collection":[{"href":"https:\/\/www.europesays.com\/fr\/wp-json\/wp\/v2\/posts"}],"about":[{"href":"https:\/\/www.europesays.com\/fr\/wp-json\/wp\/v2\/types\/post"}],"author":[{"embeddable":true,"href":"https:\/\/www.europesays.com\/fr\/wp-json\/wp\/v2\/users\/2"}],"replies":[{"embeddable":true,"href":"https:\/\/www.europesays.com\/fr\/wp-json\/wp\/v2\/comments?post=303909"}],"version-history":[{"count":0,"href":"https:\/\/www.europesays.com\/fr\/wp-json\/wp\/v2\/posts\/303909\/revisions"}],"wp:featuredmedia":[{"embeddable":true,"href":"https:\/\/www.europesays.com\/fr\/wp-json\/wp\/v2\/media\/303910"}],"wp:attachment":[{"href":"https:\/\/www.europesays.com\/fr\/wp-json\/wp\/v2\/media?parent=303909"}],"wp:term":[{"taxonomy":"category","embeddable":true,"href":"https:\/\/www.europesays.com\/fr\/wp-json\/wp\/v2\/categories?post=303909"},{"taxonomy":"post_tag","embeddable":true,"href":"https:\/\/www.europesays.com\/fr\/wp-json\/wp\/v2\/tags?post=303909"}],"curies":[{"name":"wp","href":"https:\/\/api.w.org\/{rel}","templated":true}]}}