{"id":303911,"date":"2025-08-08T00:18:10","date_gmt":"2025-08-08T00:18:10","guid":{"rendered":"https:\/\/www.europesays.com\/fr\/303911\/"},"modified":"2025-08-08T00:18:10","modified_gmt":"2025-08-08T00:18:10","slug":"la-reforme-de-la-loi-plm-validee-par-le-conseil-constitutionnel","status":"publish","type":"post","link":"https:\/\/www.europesays.com\/fr\/303911\/","title":{"rendered":"la r\u00e9forme de la loi PLM valid\u00e9e par le Conseil constitutionnel"},"content":{"rendered":"<p itemprop=\"description\"><strong>Plus rien ne s&rsquo;oppose d\u00e9sormais \u00e0 l&rsquo;application de la r\u00e9forme de la loi PLM l&rsquo;an prochain \u00e0 l&rsquo;occasion des \u00e9lections municipales \u00e0 Paris, Lyon et Marseille.<\/strong><\/p>\n<p>Ce jeudi soir, le Conseil constitutionnel a rendu un avis favorable \u00e0 cette r\u00e9forme, les Sages consid\u00e9rant qu&rsquo;elle \u00e9tait conforme \u00e0 la Constitution.<\/p>\n<p>Pour rappel, sur impulsion du d\u00e9put\u00e9 Renaissance Sylvain Maillard, l&rsquo;Assembl\u00e9e nationale avait adopt\u00e9 ce texte pol\u00e9mique, rejet\u00e9 par la droite au S\u00e9nat.<\/p>\n<p>La r\u00e9forme de la loi PLM permettra aux Lyonnais de voter en 2026 pour leur maire d&rsquo;arrondissement mais aussi pour leur maire principal. Jusqu&rsquo;\u00e0 pr\u00e9sent, vous votiez pour des listes dans les arrondissements qui envoyaient, selon une r\u00e9partition d\u00e9cid\u00e9e en 1982, un nombre donn\u00e9 d&rsquo;\u00e9lus au conseil municipal. Puis, tels de grands \u00e9lecteurs, les conseillers municipaux \u00e9lisaient le maire de Lyon.<\/p>\n<p>Demain, c&rsquo;est donc une 10e liste, celle de la mairie centrale, qui devra \u00eatre \u00e9labor\u00e9e par les candidats.<\/p>\n<p>Malgr\u00e9 les alertes lanc\u00e9es par les \u00e9lus locaux, Paris n&rsquo;a pas pris en compte la particularit\u00e9 de la situation lyonnaise. Car outre le scrutin municipal d&rsquo;arrondissement et celui de la mairie centrale, \u00e0 Lyon on vote \u00e9galement pour une troisi\u00e8me \u00e9lection le m\u00eame jour : la m\u00e9tropolitaine.<\/p>\n<p>On ne sait toujours pas s&rsquo;il sera demand\u00e9 \u00e0 Lyon de r\u00e9aliser l&rsquo;impossible, \u00e0 savoir trouver suffisamment de place et d&rsquo;assesseurs pour tenir ces bureaux de vote renforc\u00e9s, ou si les \u00e9lections m\u00e9tropolitaines seront d\u00e9cal\u00e9es \u00e0 l&rsquo;\u00e9t\u00e9 2026, offrant ainsi \u00e0 Bruno Bernard du rab pour son mandat.<\/p>\n","protected":false},"excerpt":{"rendered":"Plus rien ne s&rsquo;oppose d\u00e9sormais \u00e0 l&rsquo;application de la r\u00e9forme de la loi PLM l&rsquo;an prochain \u00e0 l&rsquo;occasion&hellip;\n","protected":false},"author":2,"featured_media":303912,"comment_status":"","ping_status":"","sticky":false,"template":"","format":"standard","meta":{"footnotes":""},"categories":[1889],"tags":[1111,11,2813,2190,2430,1109,251,1112,2811,1777,674,118,1011,27,1922,1110,1114,2428,2810,12,241,316,25,2812,517,800],"class_list":{"0":"post-303911","1":"post","2":"type-post","3":"status-publish","4":"format-standard","5":"has-post-thumbnail","7":"category-lyon","8":"tag-actu","9":"tag-actualites","10":"tag-article","11":"tag-asvel","12":"tag-auvergne-rhone-alpes","13":"tag-breves","14":"tag-culture","15":"tag-depeches","16":"tag-economique","17":"tag-eu","18":"tag-europe","19":"tag-faits-divers","20":"tag-fr","21":"tag-france","22":"tag-info","23":"tag-informations","24":"tag-infos","25":"tag-lyon","26":"tag-lyonmag","27":"tag-news","28":"tag-ol","29":"tag-politique","30":"tag-republique-francaise","31":"tag-sociale","32":"tag-sport","33":"tag-transports"},"share_on_mastodon":{"url":"https:\/\/pubeurope.com\/@fr\/114990278581177390","error":""},"_links":{"self":[{"href":"https:\/\/www.europesays.com\/fr\/wp-json\/wp\/v2\/posts\/303911","targetHints":{"allow":["GET"]}}],"collection":[{"href":"https:\/\/www.europesays.com\/fr\/wp-json\/wp\/v2\/posts"}],"about":[{"href":"https:\/\/www.europesays.com\/fr\/wp-json\/wp\/v2\/types\/post"}],"author":[{"embeddable":true,"href":"https:\/\/www.europesays.com\/fr\/wp-json\/wp\/v2\/users\/2"}],"replies":[{"embeddable":true,"href":"https:\/\/www.europesays.com\/fr\/wp-json\/wp\/v2\/comments?post=303911"}],"version-history":[{"count":0,"href":"https:\/\/www.europesays.com\/fr\/wp-json\/wp\/v2\/posts\/303911\/revisions"}],"wp:featuredmedia":[{"embeddable":true,"href":"https:\/\/www.europesays.com\/fr\/wp-json\/wp\/v2\/media\/303912"}],"wp:attachment":[{"href":"https:\/\/www.europesays.com\/fr\/wp-json\/wp\/v2\/media?parent=303911"}],"wp:term":[{"taxonomy":"category","embeddable":true,"href":"https:\/\/www.europesays.com\/fr\/wp-json\/wp\/v2\/categories?post=303911"},{"taxonomy":"post_tag","embeddable":true,"href":"https:\/\/www.europesays.com\/fr\/wp-json\/wp\/v2\/tags?post=303911"}],"curies":[{"name":"wp","href":"https:\/\/api.w.org\/{rel}","templated":true}]}}