{"id":303915,"date":"2025-08-08T00:22:12","date_gmt":"2025-08-08T00:22:12","guid":{"rendered":"https:\/\/www.europesays.com\/fr\/303915\/"},"modified":"2025-08-08T00:22:12","modified_gmt":"2025-08-08T00:22:12","slug":"le-feu-qui-a-parcouru-16-000-hectares-est-a-present-fixe-annonce-la-prefecture","status":"publish","type":"post","link":"https:\/\/www.europesays.com\/fr\/303915\/","title":{"rendered":"le feu qui a parcouru 16 000 hectares est \u00e0 pr\u00e9sent fix\u00e9, annonce la pr\u00e9fecture"},"content":{"rendered":"<p class=\"c-chapo \">\n  Le pr\u00e9fet de l&rsquo;Aude, Christian Pouget, a cependant expliqu\u00e9 que l&rsquo;incendie ne serait pas \u00ab\u00a0d\u00e9clar\u00e9 \u00e9teint avant plusieurs jours\u00a0\u00bb.\n<\/p>\n<p>            lire plus tard<\/p>\n<p id=\"dialog__title\" class=\"dialog__title\">Pour sauvegarder cet article, connectez-vous ou cr\u00e9ez un compte franceinfo<\/p>\n<p class=\"dialog__description\">Sans paiement. Sans abonnement.<\/p>\n<p>        Fermer la fen\u00eatre d\u2019activation des notifications France Info<\/p>\n<p>            cr\u00e9er votre compte<\/p>\n<p>            se connecter<\/p>\n<p>        Fermer la fen\u00eatre de pr\u00e9sentation<\/p>\n<p>    <img loading=\"lazy\" decoding=\"async\" class=\"signature__image lazyload\" width=\"100\" height=\"100\" data- alt=\"\" src=\"https:\/\/www.europesays.com\/fr\/wp-content\/uploads\/2025\/05\/64a68815cd1a7_placeholder-36b69ec8.png\"\/><\/p>\n<p>    Publi\u00e9 le 08\/08\/2025 00:54<\/p>\n<p>        Temps de lecture : 2min<\/p>\n<p>    <img decoding=\"async\"  alt=\"Les sapeurs-pompiers s'efforcent d'\u00e9teindre l'incendie \u00e0 Saint-Laurent-de-la-Cabrerisse (Aude), le 7 ao\u00fbt 2025. (LORENA SOPENA \/ ANADOLU \/ AFP)\" width=\"432\" height=\"243\" src=\"https:\/\/www.europesays.com\/fr\/wp-content\/uploads\/2025\/08\/068-aa-07082025-2362387-6894f77c45723618105384.jpg\" fetchpriority=\"high\"\/><\/p>\n<p>      Les sapeurs-pompiers s&rsquo;efforcent d&rsquo;\u00e9teindre l&rsquo;incendie \u00e0 Saint-Laurent-de-la-Cabrerisse (Aude), le 7 ao\u00fbt 2025. (LORENA SOPENA \/ ANADOLU \/ AFP)<\/p>\n<p>Les soldats du feu ont lutt\u00e9 avec acharnement durant 48 heures. <a href=\"https:\/\/www.franceinfo.fr\/environnement\/evenements-meteorologiques-extremes\/incendies-et-feux-de-foret\/incendie-meurtrier-dans-l-aude\/incendie-meurtrier-dans-l-aude-visualisez-l-ampleur-de-la-surface-brulee-dans-le-massif-des-corbieres-comparee-aux-plus-gros-feux-recenses-en-france_7420903.html\" rel=\"nofollow noopener\" target=\"_blank\">Le pire incendie depuis au moins 50 ans<\/a> sur le pourtour m\u00e9diterran\u00e9en fran\u00e7ais a \u00e9t\u00e9 fix\u00e9, jeudi soir dans l&rsquo;Aude, apr\u00e8s avoir parcouru 16 000 hectares de v\u00e9g\u00e9tation en un peu plus de 48 heures. \u00ab\u00a0Le feu est fix\u00e9\u00a0\u00bb, a d\u00e9clar\u00e9 Lucie Roesch, secr\u00e9taire g\u00e9n\u00e9rale de la pr\u00e9fecture de l&rsquo;Aude.<\/p>\n<p>C&rsquo;est le r\u00e9sultat de \u00ab\u00a0la lutte men\u00e9e depuis le d\u00e9but\u00a0\u00bb, se sont f\u00e9licit\u00e9s les pompiers du d\u00e9partement. \u00ab\u00a0C&rsquo;\u00e9tait un travail classique mais d&rsquo;une ampleur extraordinaire\u00a0\u00bb, ont-ils pr\u00e9cis\u00e9. Le bilan humain de cet incendie d\u00e9vastateur est d&rsquo;un mort et de 18 bless\u00e9s, dont 16 sapeurs-pompiers, selon la pr\u00e9fecture. Le pr\u00e9c\u00e9dent bilan faisait \u00e9tat de 11 bless\u00e9s chez les sapeurs-pompiers. 1 500 foyers \u00e9taient encore priv\u00e9s de courant dans la soir\u00e9e. Par ailleurs, tous\u00a0les massifs forestiers de l&rsquo;Aude resteront ferm\u00e9s jusqu&rsquo;\u00e0 dimanche, a annonc\u00e9 la pr\u00e9fecture.<\/p>\n<p>\u00a0De son c\u00f4t\u00e9, le pr\u00e9fet de l&rsquo;Aude, Christian Pouget, a expliqu\u00e9 que l&rsquo;incendie ne serait pas \u00ab\u00a0d\u00e9clar\u00e9 \u00e9teint avant plusieurs jours\u00a0\u00bb, ajoutant : \u00ab\u00a0Il y a encore beaucoup de travail\u00a0\u00bb.<\/p>\n<p>Au troisi\u00e8me jour de combat contre le feu, plus de 2 000 pompiers et 500 engins sont rest\u00e9s mobilis\u00e9s jeudi, appuy\u00e9s d&rsquo;un dispositif a\u00e9rien important. L&rsquo;Union europ\u00e9enne a \u00e9galement annonc\u00e9 se tenir \u00ab\u00a0pr\u00eate \u00e0 mobiliser\u00a0\u00bb des ressources. Le sinistre g\u00e9ant a aussi d\u00e9truit ou endommag\u00e9 36 habitations et br\u00fbl\u00e9 une quarantaine de v\u00e9hicules, selon le bilan provisoire de la pr\u00e9fecture.<\/p>\n<p class=\"related-tags__title\" role=\"heading\" aria-level=\"2\">les mots-cl\u00e9s associ\u00e9s \u00e0 cet article\n    <\/p>\n","protected":false},"excerpt":{"rendered":"Le pr\u00e9fet de l&rsquo;Aude, Christian Pouget, a cependant expliqu\u00e9 que l&rsquo;incendie ne serait pas \u00ab\u00a0d\u00e9clar\u00e9 \u00e9teint avant plusieurs&hellip;\n","protected":false},"author":2,"featured_media":303916,"comment_status":"","ping_status":"","sticky":false,"template":"","format":"standard","meta":{"footnotes":""},"categories":[1888],"tags":[1111,1928,11,1927,1777,674,1011,27,12,1926,626,1925,25],"class_list":{"0":"post-303915","1":"post","2":"type-post","3":"status-publish","4":"format-standard","5":"has-post-thumbnail","7":"category-paris","8":"tag-actu","9":"tag-actu-paris","10":"tag-actualites","11":"tag-actualites-paris","12":"tag-eu","13":"tag-europe","14":"tag-fr","15":"tag-france","16":"tag-news","17":"tag-news-paris","18":"tag-paris","19":"tag-paris-news","20":"tag-republique-francaise"},"share_on_mastodon":{"url":"https:\/\/pubeurope.com\/@fr\/114990294389406317","error":""},"_links":{"self":[{"href":"https:\/\/www.europesays.com\/fr\/wp-json\/wp\/v2\/posts\/303915","targetHints":{"allow":["GET"]}}],"collection":[{"href":"https:\/\/www.europesays.com\/fr\/wp-json\/wp\/v2\/posts"}],"about":[{"href":"https:\/\/www.europesays.com\/fr\/wp-json\/wp\/v2\/types\/post"}],"author":[{"embeddable":true,"href":"https:\/\/www.europesays.com\/fr\/wp-json\/wp\/v2\/users\/2"}],"replies":[{"embeddable":true,"href":"https:\/\/www.europesays.com\/fr\/wp-json\/wp\/v2\/comments?post=303915"}],"version-history":[{"count":0,"href":"https:\/\/www.europesays.com\/fr\/wp-json\/wp\/v2\/posts\/303915\/revisions"}],"wp:featuredmedia":[{"embeddable":true,"href":"https:\/\/www.europesays.com\/fr\/wp-json\/wp\/v2\/media\/303916"}],"wp:attachment":[{"href":"https:\/\/www.europesays.com\/fr\/wp-json\/wp\/v2\/media?parent=303915"}],"wp:term":[{"taxonomy":"category","embeddable":true,"href":"https:\/\/www.europesays.com\/fr\/wp-json\/wp\/v2\/categories?post=303915"},{"taxonomy":"post_tag","embeddable":true,"href":"https:\/\/www.europesays.com\/fr\/wp-json\/wp\/v2\/tags?post=303915"}],"curies":[{"name":"wp","href":"https:\/\/api.w.org\/{rel}","templated":true}]}}