{"id":303917,"date":"2025-08-08T00:23:14","date_gmt":"2025-08-08T00:23:14","guid":{"rendered":"https:\/\/www.europesays.com\/fr\/303917\/"},"modified":"2025-08-08T00:23:14","modified_gmt":"2025-08-08T00:23:14","slug":"psg-tottenham-un-nombre-record-de-supporters-parisiens-attendus-a-udine-pour-la-supercoupe-deurope","status":"publish","type":"post","link":"https:\/\/www.europesays.com\/fr\/303917\/","title":{"rendered":"PSG-Tottenham : un nombre record de supporters parisiens attendus \u00e0 Udine pour la Supercoupe d\u2019Europe"},"content":{"rendered":"<p class=\"paragraph text_align_left lp-f-body-02\">Pr\u00e8s de 6 000. C\u2019est le nombre de supporters parisiens attendus \u00e0 Udine pour la Supercoupe d\u2019Europe selon le site du Paris-Saint-Germain. <\/p>\n<p class=\"paragraph text_align_left lp-f-body-02\">Ce mercredi 13 ao\u00fbt, le <a href=\"https:\/\/www.leparisien.fr\/sports\/football\/psg\/\" target=\"_self\" rel=\"nofollow noopener\">PSG<\/a>, vainqueur de la <a href=\"https:\/\/www.leparisien.fr\/sports\/football\/ligue-des-champions\/\" target=\"_self\" rel=\"nofollow noopener\">Ligue des champions<\/a>, affrontera Tottenham, sacr\u00e9 en Ligue Europa, au Stadio Friuli, dans le nord-est de l\u2019Italie. L\u2019objectif est clair : d\u00e9crocher le premier titre de Supercoupe d\u2019Europe de l\u2019histoire du club.<\/p>\n<p class=\"paragraph text_align_left lp-f-body-02\">Malgr\u00e9 la localisation complexe d\u2019Udine, dans le nord-est du pays \u00e0 la fronti\u00e8re de la Slov\u00e9nie, cette affluence record repr\u00e9senterait la plus importante mobilisation de supporters d\u2019un club dans l\u2019histoire de la comp\u00e9tition.<\/p>\n<p class=\"paragraph text_align_left lp-f-body-02\">Une preuve suppl\u00e9mentaire de l\u2019engouement suscit\u00e9 par le PSG, port\u00e9 par son sacre europ\u00e9en et <a href=\"https:\/\/www.leparisien.fr\/sports\/football\/coupe-du-monde-des-clubs\/chelsea-psg-3-0-paris-leclat-malgre-la-chute-13-07-2025-BLH5YV4S4FE25HERBVLAVF2LQY.php\" target=\"_self\" rel=\"nofollow noopener\">sa finale en Coupe du monde des clubs<\/a>.<\/p>\n<p class=\"paragraph text_align_left lp-f-body-02\">Le PSG avait demand\u00e9 le maximum de billets et s\u2019est vu attribuer 5 800 places pour une demande pourtant sup\u00e9rieure. Tottenham avait demand\u00e9 moins et n\u2019aura que 4 700 places \u00e0 sa disposition.<\/p>\n<p class=\"paragraph text_align_left lp-f-body-02\">Pour accompagner ses fans, le club de la capitale mettra en place un espace festif au Parco Moretti, \u00e0 Udine. Tous les d\u00e9tenteurs de billets sont invit\u00e9s \u00e0 s\u2019y rendre d\u00e8s 11 heures. Au programme, selon le site officiel du PSG : \u00ab DJ sets, shows musicaux, freestylers, l\u00e9gendes du club\u2026 \u00bb De quoi faire monter l\u2019ambiance avant le coup d\u2019envoi.<\/p>\n","protected":false},"excerpt":{"rendered":"Pr\u00e8s de 6 000. C\u2019est le nombre de supporters parisiens attendus \u00e0 Udine pour la Supercoupe d\u2019Europe selon&hellip;\n","protected":false},"author":2,"featured_media":303918,"comment_status":"","ping_status":"","sticky":false,"template":"","format":"standard","meta":{"footnotes":""},"categories":[1888],"tags":[1111,1928,11,1927,1777,674,63,1011,27,12,1926,626,1925,25,60],"class_list":{"0":"post-303917","1":"post","2":"type-post","3":"status-publish","4":"format-standard","5":"has-post-thumbnail","7":"category-paris","8":"tag-actu","9":"tag-actu-paris","10":"tag-actualites","11":"tag-actualites-paris","12":"tag-eu","13":"tag-europe","14":"tag-football","15":"tag-fr","16":"tag-france","17":"tag-news","18":"tag-news-paris","19":"tag-paris","20":"tag-paris-news","21":"tag-republique-francaise","22":"tag-sports"},"share_on_mastodon":{"url":"https:\/\/pubeurope.com\/@fr\/114990298320000450","error":""},"_links":{"self":[{"href":"https:\/\/www.europesays.com\/fr\/wp-json\/wp\/v2\/posts\/303917","targetHints":{"allow":["GET"]}}],"collection":[{"href":"https:\/\/www.europesays.com\/fr\/wp-json\/wp\/v2\/posts"}],"about":[{"href":"https:\/\/www.europesays.com\/fr\/wp-json\/wp\/v2\/types\/post"}],"author":[{"embeddable":true,"href":"https:\/\/www.europesays.com\/fr\/wp-json\/wp\/v2\/users\/2"}],"replies":[{"embeddable":true,"href":"https:\/\/www.europesays.com\/fr\/wp-json\/wp\/v2\/comments?post=303917"}],"version-history":[{"count":0,"href":"https:\/\/www.europesays.com\/fr\/wp-json\/wp\/v2\/posts\/303917\/revisions"}],"wp:featuredmedia":[{"embeddable":true,"href":"https:\/\/www.europesays.com\/fr\/wp-json\/wp\/v2\/media\/303918"}],"wp:attachment":[{"href":"https:\/\/www.europesays.com\/fr\/wp-json\/wp\/v2\/media?parent=303917"}],"wp:term":[{"taxonomy":"category","embeddable":true,"href":"https:\/\/www.europesays.com\/fr\/wp-json\/wp\/v2\/categories?post=303917"},{"taxonomy":"post_tag","embeddable":true,"href":"https:\/\/www.europesays.com\/fr\/wp-json\/wp\/v2\/tags?post=303917"}],"curies":[{"name":"wp","href":"https:\/\/api.w.org\/{rel}","templated":true}]}}