{"id":303925,"date":"2025-08-08T00:27:12","date_gmt":"2025-08-08T00:27:12","guid":{"rendered":"https:\/\/www.europesays.com\/fr\/303925\/"},"modified":"2025-08-08T00:27:12","modified_gmt":"2025-08-08T00:27:12","slug":"guerre-en-ukraine-trump-se-dit-pret-a-voir-poutine-meme-sans-la-presence-de-zelensky","status":"publish","type":"post","link":"https:\/\/www.europesays.com\/fr\/303925\/","title":{"rendered":"Guerre en Ukraine. Trump se dit pr\u00eat \u00e0 voir Poutine, m\u00eame sans la pr\u00e9sence de Zelensky"},"content":{"rendered":"<p><a href=\"https:\/\/www.ledauphine.com\/p\/donald-trump\" target=\"_blank\" rel=\"noopener\">Donald Trump<\/a> veut rencontrer <a href=\"https:\/\/www.ledauphine.com\/p\/vladimir-poutine\" target=\"_blank\" rel=\"noopener\">Vladimir Poutine<\/a>, avec ou sans\u00a0<a href=\"https:\/\/www.ledauphine.com\/p\/volodymyr-zelensky\" target=\"_blank\" rel=\"noopener\">Volodymyr Zelensky<\/a>.\u00a0Le pr\u00e9sident am\u00e9ricain s&rsquo;est dit pr\u00eat jeudi \u00e0 rencontrer le chef du Kremlin m\u00eame si ce dernier refuse de voir son homologue ukrainien, qui insiste pour n\u00e9gocier directement avec le dirigeant russe.<\/p>\n<p>Comme une journaliste lui demandait dans le Bureau ovale s&rsquo;il pensait que\u00a0Vladimir Poutine devait d&rsquo;abord s&rsquo;entretenir avec le pr\u00e9sident ukrainien avant de le rencontrer lui, Donald Trump a r\u00e9pondu : \u00ab Non \u00bb. \u00ab Ils aimeraient me rencontrer, et je ferai tout ce que je peux pour arr\u00eater la tuerie \u00bb, a-t-il ajout\u00e9.<\/p>\n<p>Une possible r\u00e9union \u00ab tr\u00e8s bient\u00f4t \u00bb<\/p>\n<p>Jeudi, le Kremlin avait annonc\u00e9 un \u00ab accord de principe \u00bb pour une rencontre entre Poutine et Trump \u00ab dans les prochains jours \u00bb et \u00e9cart\u00e9 dans l&rsquo;imm\u00e9diat un sommet \u00e0 trois avec Zelensky qui, lui, l&rsquo;appelle de ses voeux. Pour le pr\u00e9sident russe, les \u00ab conditions \u00bb ne sont pas r\u00e9unies pour un t\u00eate-\u00e0-t\u00eate avec son homologue ukrainien.<\/p>\n<p>Donald Trump avait \u00e9voqu\u00e9 mercredi une possible r\u00e9union \u00ab tr\u00e8s bient\u00f4t \u00bb avec le chef de l&rsquo;Etat russe, ce qui constituerait une premi\u00e8re depuis son retour \u00e0 la Maison Blanche en janvier. La derni\u00e8re entrevue face \u00e0 face entre Donald Trump et Vladimir Poutine a eu lieu en 2019 en marge d&rsquo;un sommet du G20 au Japon.<\/p>\n<p>  \u00ab Cela va d\u00e9pendre de Poutine\u00a0\u00bb<\/p>\n<p>Le pr\u00e9sident am\u00e9ricain avait repris contact avec Poutine dans l&rsquo;espoir de mettre rapidement fin \u00e0 la guerre d\u00e9clench\u00e9e en 2022 par l&rsquo;invasion russe de l&rsquo;Ukraine mais il s&rsquo;est montr\u00e9 de plus en plus frustr\u00e9 envers lui ces derni\u00e8res semaines.<\/p>\n<p>Donald Trump a lanc\u00e9 \u00e0 la Russie un ultimatum qui expire vendredi, la sommant de trouver un accord avec Kiev sous peine de sanctions s\u00e9v\u00e8res. Interrog\u00e9 jeudi sur le fait de savoir si cet ultimatum \u00e9tait toujours en place, Trump a esquiv\u00e9 : \u00ab Cela va d\u00e9pendre de Poutine, on va voir ce qu&rsquo;il va dire \u00bb.<\/p>\n","protected":false},"excerpt":{"rendered":"Donald Trump veut rencontrer Vladimir Poutine, avec ou sans\u00a0Volodymyr Zelensky.\u00a0Le pr\u00e9sident am\u00e9ricain s&rsquo;est dit pr\u00eat jeudi \u00e0 rencontrer&hellip;\n","protected":false},"author":2,"featured_media":303926,"comment_status":"","ping_status":"","sticky":false,"template":"","format":"standard","meta":{"footnotes":""},"categories":[1590],"tags":[11,3206,1777,674,107,329,12,220],"class_list":{"0":"post-303925","1":"post","2":"type-post","3":"status-publish","4":"format-standard","5":"has-post-thumbnail","7":"category-ukraine","8":"tag-actualites","9":"tag-defense-guerre-conflit","10":"tag-eu","11":"tag-europe","12":"tag-fil-info","13":"tag-france-monde","14":"tag-news","15":"tag-ukraine"},"share_on_mastodon":{"url":"https:\/\/pubeurope.com\/@fr\/114990313931742997","error":""},"_links":{"self":[{"href":"https:\/\/www.europesays.com\/fr\/wp-json\/wp\/v2\/posts\/303925","targetHints":{"allow":["GET"]}}],"collection":[{"href":"https:\/\/www.europesays.com\/fr\/wp-json\/wp\/v2\/posts"}],"about":[{"href":"https:\/\/www.europesays.com\/fr\/wp-json\/wp\/v2\/types\/post"}],"author":[{"embeddable":true,"href":"https:\/\/www.europesays.com\/fr\/wp-json\/wp\/v2\/users\/2"}],"replies":[{"embeddable":true,"href":"https:\/\/www.europesays.com\/fr\/wp-json\/wp\/v2\/comments?post=303925"}],"version-history":[{"count":0,"href":"https:\/\/www.europesays.com\/fr\/wp-json\/wp\/v2\/posts\/303925\/revisions"}],"wp:featuredmedia":[{"embeddable":true,"href":"https:\/\/www.europesays.com\/fr\/wp-json\/wp\/v2\/media\/303926"}],"wp:attachment":[{"href":"https:\/\/www.europesays.com\/fr\/wp-json\/wp\/v2\/media?parent=303925"}],"wp:term":[{"taxonomy":"category","embeddable":true,"href":"https:\/\/www.europesays.com\/fr\/wp-json\/wp\/v2\/categories?post=303925"},{"taxonomy":"post_tag","embeddable":true,"href":"https:\/\/www.europesays.com\/fr\/wp-json\/wp\/v2\/tags?post=303925"}],"curies":[{"name":"wp","href":"https:\/\/api.w.org\/{rel}","templated":true}]}}