{"id":303929,"date":"2025-08-08T00:29:16","date_gmt":"2025-08-08T00:29:16","guid":{"rendered":"https:\/\/www.europesays.com\/fr\/303929\/"},"modified":"2025-08-08T00:29:16","modified_gmt":"2025-08-08T00:29:16","slug":"londres-annonce-avoir-arrete-les-premiers-migrants-sous-le-coup-du-traite-franco-britannique","status":"publish","type":"post","link":"https:\/\/www.europesays.com\/fr\/303929\/","title":{"rendered":"Londres annonce avoir arr\u00eat\u00e9 les premiers migrants sous le coup du trait\u00e9 franco-britannique"},"content":{"rendered":"<p>\u00ab\u00a0Les personnes arriv\u00e9es au Royaume-Uni sur un bateau hier midi ont \u00e9t\u00e9 plac\u00e9es en d\u00e9tention. Elles seront plac\u00e9es dans des centres de r\u00e9tention administrative en attendant leur expulsion\u00a0\u00bb, a indiqu\u00e9 jeudi le minist\u00e8re de l\u2019Int\u00e9rieur dans un communiqu\u00e9.<\/p>\n<p>Il ne pr\u00e9cise pas combien de migrants ont \u00e9t\u00e9 arr\u00eat\u00e9s, ni combien il entend renvoyer de migrants en France dans le cadre de ce dispositif critiqu\u00e9 par des ONG et qui laisse sceptique l\u2019opposition au gouvernement travailliste. Selon Londres, les premi\u00e8res expulsions devraient avoir lieu \u00ab\u00a0dans les prochaines semaines\u00a0\u00bb. Le Royaume-Uni va transmettre dans un d\u00e9lai de trois jours \u00e0 la France les noms des migrants arr\u00eat\u00e9s qu\u2019elle souhaite expulser, et les autorit\u00e9s fran\u00e7aises auront 14 jours pour r\u00e9pondre, d\u00e9taille le Home Office.<\/p>\n<p>Record d\u2019arriv\u00e9es<\/p>\n<p>\u00ab\u00a0Quand j\u2019ai promis que je ne reculerai devant rien pour s\u00e9curiser nos fronti\u00e8res, j\u2019\u00e9tais s\u00e9rieux\u00a0\u00bb, s\u2019est f\u00e9licit\u00e9 sur X le Premier ministre Keir Starmer, qui est sous pression pour endiguer ces arriv\u00e9es de migrants. Le dispositif est un projet pilote valable jusqu\u2019en juin 2026.<\/p>\n<p>Soucieux de montrer qu\u2019il agit pour endiguer le ph\u00e9nom\u00e8ne des arriv\u00e9es de migrants par la Manche, le gouvernement travailliste a multipli\u00e9 les initiatives depuis son arriv\u00e9e au pouvoir en juillet 2024. <a href=\"https:\/\/www.sudouest.fr\/international\/europe\/royaume-uni\/crise-migratoire-keir-starmer-annonce-un-accord-pour-un-echange-de-migrants-entre-le-royaume-uni-et-la-france-25204569.php\" target=\"_blank\" rel=\"follow nofollow noopener\">Il a sign\u00e9 plusieurs accords de coop\u00e9ration avec d\u2019autres pays (Allemagne, Irak, etc.)<\/a>, renforc\u00e9 les moyens de la police aux fronti\u00e8res pour lutter contre les r\u00e9seaux de passeurs, ou encore approfondi la coop\u00e9ration de longue date instaur\u00e9e avec la France.<\/p>\n<p>Keir Starmer, qui a abandonn\u00e9 le projet des conservateurs d\u2019expulser des demandeurs d\u2019asile vers le Rwanda, est sous pression du parti anti-immigration Reform UK, \u00e0 la popularit\u00e9 croissante. Un nombre record de plus de 25\u00a0400\u00a0personnes sont arriv\u00e9es au Royaume-Uni \u00e0 bord de \u00ab\u00a0small boats\u00a0\u00bb depuis le d\u00e9but de l\u2019ann\u00e9e, en hausse de 49\u00a0% sur un an. Et 18\u00a0personnes sont mortes depuis janvier en tentant ces dangereuses travers\u00e9es de la Manche, selon des donn\u00e9es du minist\u00e8re de l\u2019Int\u00e9rieur fran\u00e7ais.<\/p>\n<p>\u00ab\u00a0Un pour un\u00a0\u00bb<\/p>\n<p>Reconnaissant qu\u2019il \u00ab\u00a0faudra du temps\u00a0\u00bb pour d\u00e9manteler les r\u00e9seaux de passeurs, \u00ab\u00a0ces d\u00e9tentions sont une \u00e9tape importante pour saper leur mod\u00e8le \u00e9conomique et leurs fausses promesses\u00a0\u00bb, a d\u00e9clar\u00e9 la ministre de l\u2019Int\u00e9rieur Yvette Cooper, cit\u00e9e dans le communiqu\u00e9.<\/p>\n<p>Le trait\u00e9 est bas\u00e9 sur un principe d&rsquo;\u00ab\u00a0un pour un\u00a0\u00bb. La France reprendra des migrants arriv\u00e9s au Royaume-Uni par \u00ab\u00a0small boat\u00a0\u00bb et dont la demande d\u2019asile n\u2019est pas jug\u00e9e admissible parce qu\u2019ils sont pass\u00e9s auparavant par un pays consid\u00e9r\u00e9 comme \u00ab\u00a0s\u00fbr\u00a0\u00bb, selon le Home Office. Les mineurs non accompagn\u00e9s ne pourront pas \u00eatre renvoy\u00e9s vers la France.<\/p>\n","protected":false},"excerpt":{"rendered":"\u00ab\u00a0Les personnes arriv\u00e9es au Royaume-Uni sur un bateau hier midi ont \u00e9t\u00e9 plac\u00e9es en d\u00e9tention. Elles seront plac\u00e9es&hellip;\n","protected":false},"author":2,"featured_media":303930,"comment_status":"","ping_status":"","sticky":false,"template":"","format":"standard","meta":{"footnotes":""},"categories":[1588],"tags":[11,1777,674,12,473,1853,1851,1850,1852],"class_list":{"0":"post-303929","1":"post","2":"type-post","3":"status-publish","4":"format-standard","5":"has-post-thumbnail","7":"category-royaume-uni","8":"tag-actualites","9":"tag-eu","10":"tag-europe","11":"tag-news","12":"tag-royaume-uni","13":"tag-royaume-uni-de-grande-bretagne-et-dirlande-du-nord","14":"tag-uk","15":"tag-united-kingdom","16":"tag-united-kingdom-of-great-britain-and-northern-ireland"},"share_on_mastodon":{"url":"https:\/\/pubeurope.com\/@fr\/114990321755485561","error":""},"_links":{"self":[{"href":"https:\/\/www.europesays.com\/fr\/wp-json\/wp\/v2\/posts\/303929","targetHints":{"allow":["GET"]}}],"collection":[{"href":"https:\/\/www.europesays.com\/fr\/wp-json\/wp\/v2\/posts"}],"about":[{"href":"https:\/\/www.europesays.com\/fr\/wp-json\/wp\/v2\/types\/post"}],"author":[{"embeddable":true,"href":"https:\/\/www.europesays.com\/fr\/wp-json\/wp\/v2\/users\/2"}],"replies":[{"embeddable":true,"href":"https:\/\/www.europesays.com\/fr\/wp-json\/wp\/v2\/comments?post=303929"}],"version-history":[{"count":0,"href":"https:\/\/www.europesays.com\/fr\/wp-json\/wp\/v2\/posts\/303929\/revisions"}],"wp:featuredmedia":[{"embeddable":true,"href":"https:\/\/www.europesays.com\/fr\/wp-json\/wp\/v2\/media\/303930"}],"wp:attachment":[{"href":"https:\/\/www.europesays.com\/fr\/wp-json\/wp\/v2\/media?parent=303929"}],"wp:term":[{"taxonomy":"category","embeddable":true,"href":"https:\/\/www.europesays.com\/fr\/wp-json\/wp\/v2\/categories?post=303929"},{"taxonomy":"post_tag","embeddable":true,"href":"https:\/\/www.europesays.com\/fr\/wp-json\/wp\/v2\/tags?post=303929"}],"curies":[{"name":"wp","href":"https:\/\/api.w.org\/{rel}","templated":true}]}}