{"id":303931,"date":"2025-08-08T00:30:18","date_gmt":"2025-08-08T00:30:18","guid":{"rendered":"https:\/\/www.europesays.com\/fr\/303931\/"},"modified":"2025-08-08T00:30:18","modified_gmt":"2025-08-08T00:30:18","slug":"allemagne-presse-israel-de-maintenir-aide-humanitaire-malgre-videos-dotages","status":"publish","type":"post","link":"https:\/\/www.europesays.com\/fr\/303931\/","title":{"rendered":"Allemagne presse Isra\u00ebl de maintenir aide humanitaire malgr\u00e9 vid\u00e9os d\u2019otages"},"content":{"rendered":"<p>Ce direct est d\u00e9sormais clos.<\/p>\n<p>Dimanche 3 ao\u00fbt, l\u2019Allemagne a exhort\u00e9 Isra\u00ebl \u00e0 maintenir ses efforts pour acheminer une aide humanitaire \u00e0 Gaza, tout en \u00e9vitant de \u00ab c\u00e9der au cynisme du Hamas \u00bb, \u00e0 la suite de la diffusion de vid\u00e9os particuli\u00e8rement gla\u00e7antes montrant des otages isra\u00e9liens. Dans un entretien accord\u00e9 au journal Bild, le chancelier allemand Friedrich Merz s\u2019est d\u00e9clar\u00e9 \u00ab horrifi\u00e9 \u00bb par ces images o\u00f9 l\u2019on voit deux otages isra\u00e9liens dans un \u00e9tat de d\u00e9nutrition avanc\u00e9e. L\u2019un d\u2019eux poss\u00e8de \u00e9galement la nationalit\u00e9 allemande.<\/p>\n<p class=\"c-body__bullet\"><strong> Quatre tonnes de denr\u00e9es alimentaires parachut\u00e9es par la France. <\/strong>Dimanche, les forces fran\u00e7aises ont men\u00e9 avec succ\u00e8s une troisi\u00e8me op\u00e9ration de largage d\u2019aide humanitaire en direction de Gaza, acheminant quatre tonnes de nourriture, a rapport\u00e9 un journaliste de 42mag.fr embarqu\u00e9 dans l\u2019un des avions impliqu\u00e9s. La France a par ailleurs annonc\u00e9 son intention de fournir au total 40 tonnes de vivres, ce qui correspond \u00e0 la charge de deux camions d\u00e9di\u00e9s \u00e0 l\u2019aide humanitaire.<\/p>\n<p class=\"c-body__bullet\"><strong> Une vague de condamnations internationales. <\/strong>\u00c0 la suite de la mise en ligne par le Hamas de vid\u00e9os exposant deux otages isra\u00e9liens, Rom Braslavski et Evyatar David, visiblement tr\u00e8s affaiblis, Emmanuel Macron a exprim\u00e9 dimanche sur X sa condamnation face \u00e0 \u00ab une cruaut\u00e9 abjecte, une inhumanit\u00e9 sans pareille \u00bb de la part du groupe islamiste, soulignant la \u00ab brutalit\u00e9 insoutenable \u00bb de ces images. Plus t\u00f4t, la responsable de la diplomatie europ\u00e9enne, Kaja Kallas, avait d\u00e9plor\u00e9 sur le m\u00eame r\u00e9seau social \u00ab ces sc\u00e8nes horrifiantes d\u2019otages isra\u00e9liens qui illustrent la barbarie du Hamas \u00bb. <\/p>\n<p class=\"c-body__bullet\"><strong> Un membre du Croissant-Rouge palestinien tu\u00e9 dans un bombardement isra\u00e9lien.<\/strong> L\u2019organisation a fait savoir sur X ce dimanche qu\u2019une frappe de l\u2019arm\u00e9e isra\u00e9lienne visant son si\u00e8ge \u00e0 Khan Youn\u00e8s, dans la bande de Gaza, avait co\u00fbt\u00e9 la vie \u00e0 l\u2019un de ses employ\u00e9s et bless\u00e9 trois autres. Le b\u00e2timent a subi un incendie au niveau du premier \u00e9tage, a pr\u00e9cis\u00e9 le Croissant-Rouge palestinien.<\/p>\n<p class=\"c-body__bullet\"><strong> Bilan d\u2019au moins 32 morts samedi dans l\u2019enclave palestinienne.<\/strong> Les bombardements et tirs isra\u00e9liens ont fauch\u00e9 la vie de 32 Palestiniens samedi, notamment 14 personnes qui attendaient de recevoir de l\u2019aide, selon les services de la d\u00e9fense civile \u00e0 Gaza. Par ailleurs, l\u2019arm\u00e9e isra\u00e9lienne a indiqu\u00e9 avoir \u00e9limin\u00e9 \u00e0 Gaza un commandant de rang interm\u00e9diaire appartenant \u00e0 la branche arm\u00e9e du Hamas.<\/p>\n","protected":false},"excerpt":{"rendered":"Ce direct est d\u00e9sormais clos. Dimanche 3 ao\u00fbt, l\u2019Allemagne a exhort\u00e9 Isra\u00ebl \u00e0 maintenir ses efforts pour acheminer&hellip;\n","protected":false},"author":2,"featured_media":303932,"comment_status":"","ping_status":"","sticky":false,"template":"","format":"standard","meta":{"footnotes":""},"categories":[1587],"tags":[11,4526,672,1804,1805,1803,44395,1777,674,665,1801,1146,10264,664,472,9085,12,4048,1802,2955],"class_list":{"0":"post-303931","1":"post","2":"type-post","3":"status-publish","4":"format-standard","5":"has-post-thumbnail","7":"category-allemagne","8":"tag-actualites","9":"tag-aide","10":"tag-allemagne","11":"tag-bundesrepublik-deutschland","12":"tag-de","13":"tag-deutschland","14":"tag-dotages","15":"tag-eu","16":"tag-europe","17":"tag-gaza","18":"tag-germany","19":"tag-guerre","20":"tag-humanitaire","21":"tag-israel","22":"tag-maintenir","23":"tag-malgre","24":"tag-news","25":"tag-presse","26":"tag-republique-federale-dallemagne","27":"tag-videos"},"share_on_mastodon":{"url":"https:\/\/pubeurope.com\/@fr\/114990325749227509","error":""},"_links":{"self":[{"href":"https:\/\/www.europesays.com\/fr\/wp-json\/wp\/v2\/posts\/303931","targetHints":{"allow":["GET"]}}],"collection":[{"href":"https:\/\/www.europesays.com\/fr\/wp-json\/wp\/v2\/posts"}],"about":[{"href":"https:\/\/www.europesays.com\/fr\/wp-json\/wp\/v2\/types\/post"}],"author":[{"embeddable":true,"href":"https:\/\/www.europesays.com\/fr\/wp-json\/wp\/v2\/users\/2"}],"replies":[{"embeddable":true,"href":"https:\/\/www.europesays.com\/fr\/wp-json\/wp\/v2\/comments?post=303931"}],"version-history":[{"count":0,"href":"https:\/\/www.europesays.com\/fr\/wp-json\/wp\/v2\/posts\/303931\/revisions"}],"wp:featuredmedia":[{"embeddable":true,"href":"https:\/\/www.europesays.com\/fr\/wp-json\/wp\/v2\/media\/303932"}],"wp:attachment":[{"href":"https:\/\/www.europesays.com\/fr\/wp-json\/wp\/v2\/media?parent=303931"}],"wp:term":[{"taxonomy":"category","embeddable":true,"href":"https:\/\/www.europesays.com\/fr\/wp-json\/wp\/v2\/categories?post=303931"},{"taxonomy":"post_tag","embeddable":true,"href":"https:\/\/www.europesays.com\/fr\/wp-json\/wp\/v2\/tags?post=303931"}],"curies":[{"name":"wp","href":"https:\/\/api.w.org\/{rel}","templated":true}]}}