{"id":303935,"date":"2025-08-08T00:32:09","date_gmt":"2025-08-08T00:32:09","guid":{"rendered":"https:\/\/www.europesays.com\/fr\/303935\/"},"modified":"2025-08-08T00:32:09","modified_gmt":"2025-08-08T00:32:09","slug":"taxes-entre-les-etats-unis-et-lue-ce-quil-reste-a-negocier-et-a-clarifier-entre-deux-couches-de-flou","status":"publish","type":"post","link":"https:\/\/www.europesays.com\/fr\/303935\/","title":{"rendered":"Taxes entre les Etats-Unis et l\u2019UE: ce qu\u2019il reste \u00e0 n\u00e9gocier et \u00e0 clarifier entre deux couches de flou"},"content":{"rendered":"<p>    R\u00e9sum\u00e9 en 20 secondes<\/p>\n<p>        En savoir plus sur ce type de contenu<\/p>\n<p>Ce r\u00e9sum\u00e9 peut avoir \u00e9t\u00e9 \u00e9crit avec l&rsquo;assistance d\u2019une IA g\u00e9n\u00e9rative. <a href=\"https:\/\/www.letemps.ch\/cyber\/l-usage-de-l-ia-generative-par-les-journalistes-du-temps\" target=\"_blank\" rel=\"noopener\">En savoir plus<\/a><\/p>\n<p class=\"article__abstract-call-to-action\" data-ariato=\"TrackableElement\" data-trackable-element-type=\"article_abstract_cta\" data-trackable-element-location=\"article_header\" data-trackable-element-id=\"502462\">\n        <a data-event=\"click-&gt;clicked\" href=\"https:\/\/www.letemps.ch\/abonnements\" target=\"_blank\" rel=\"noopener\">Abonnez-vous<\/a> pour acc\u00e9der au r\u00e9sum\u00e9 en 20 secondes.\n      <\/p>\n<p>Le \u00abdeal\u00bb scell\u00e9 le 27\u00a0juillet entre Donald Trump et Ursula von der Leyen en Ecosse, et entr\u00e9 en vigueur jeudi, est-il solide? Pendant que le pr\u00e9sident des Etats-Unis claironnait le 7\u00a0ao\u00fbt quelques secondes apr\u00e8s minuit, sur son r\u00e9seau Truth Social, que des \u00abmilliards de dollars de droits de douane\u00bb \u00abaffluent\u00bb vers les Etats-Unis, Bruxelles \u00e9tait en partie dans le brouillard. En coulisses, l\u2019heure est toujours \u00e0 la n\u00e9gociation.<\/p>\n<p>Certes, le couperet des 15% est tomb\u00e9. C\u2019est le montant des droits de douane impos\u00e9 d\u00e8s maintenant sur la majorit\u00e9 des produits europ\u00e9ens qui entrent aux Etats-Unis. Mais l\u2019accord auquel a consenti la pr\u00e9sidente de la Commission europ\u00e9enne, toute penaude et g\u00ean\u00e9e face \u00e0 Donald Trump le 27\u00a0juillet, n\u2019a \u00e0 ce stade rien de contraignant. Il s\u2019agit davantage d\u2019une feuille de route sans valeur juridique d\u00e9finitive.<\/p>\n","protected":false},"excerpt":{"rendered":"R\u00e9sum\u00e9 en 20 secondes En savoir plus sur ce type de contenu Ce r\u00e9sum\u00e9 peut avoir \u00e9t\u00e9 \u00e9crit&hellip;\n","protected":false},"author":2,"featured_media":303936,"comment_status":"","ping_status":"","sticky":false,"template":"","format":"standard","meta":{"footnotes":""},"categories":[1586],"tags":[11,215,73,1777,674,1779,1011,27,1074,12,301,25,1778,364],"class_list":{"0":"post-303935","1":"post","2":"type-post","3":"status-publish","4":"format-standard","5":"has-post-thumbnail","7":"category-europe","8":"tag-actualites","9":"tag-commerce","10":"tag-etats-unis","11":"tag-eu","12":"tag-europe","13":"tag-european-union","14":"tag-fr","15":"tag-france","16":"tag-guerre-commerciale","17":"tag-news","18":"tag-premium","19":"tag-republique-francaise","20":"tag-ue","21":"tag-union-europeenne"},"share_on_mastodon":{"url":"https:\/\/pubeurope.com\/@fr\/114990333547364886","error":""},"_links":{"self":[{"href":"https:\/\/www.europesays.com\/fr\/wp-json\/wp\/v2\/posts\/303935","targetHints":{"allow":["GET"]}}],"collection":[{"href":"https:\/\/www.europesays.com\/fr\/wp-json\/wp\/v2\/posts"}],"about":[{"href":"https:\/\/www.europesays.com\/fr\/wp-json\/wp\/v2\/types\/post"}],"author":[{"embeddable":true,"href":"https:\/\/www.europesays.com\/fr\/wp-json\/wp\/v2\/users\/2"}],"replies":[{"embeddable":true,"href":"https:\/\/www.europesays.com\/fr\/wp-json\/wp\/v2\/comments?post=303935"}],"version-history":[{"count":0,"href":"https:\/\/www.europesays.com\/fr\/wp-json\/wp\/v2\/posts\/303935\/revisions"}],"wp:featuredmedia":[{"embeddable":true,"href":"https:\/\/www.europesays.com\/fr\/wp-json\/wp\/v2\/media\/303936"}],"wp:attachment":[{"href":"https:\/\/www.europesays.com\/fr\/wp-json\/wp\/v2\/media?parent=303935"}],"wp:term":[{"taxonomy":"category","embeddable":true,"href":"https:\/\/www.europesays.com\/fr\/wp-json\/wp\/v2\/categories?post=303935"},{"taxonomy":"post_tag","embeddable":true,"href":"https:\/\/www.europesays.com\/fr\/wp-json\/wp\/v2\/tags?post=303935"}],"curies":[{"name":"wp","href":"https:\/\/api.w.org\/{rel}","templated":true}]}}