{"id":303939,"date":"2025-08-08T00:34:17","date_gmt":"2025-08-08T00:34:17","guid":{"rendered":"https:\/\/www.europesays.com\/fr\/303939\/"},"modified":"2025-08-08T00:34:17","modified_gmt":"2025-08-08T00:34:17","slug":"18-joueurs-pour-16-places","status":"publish","type":"post","link":"https:\/\/www.europesays.com\/fr\/303939\/","title":{"rendered":"18 joueurs pour 16 places"},"content":{"rendered":"<p>            Par<br \/>\n        <strong><br \/>\n            <a href=\"https:\/\/actu.fr\/auteur\/alexandre-gourlaouen\" title=\"Consulter tous les articles de Alexandre Gourlaouen\" target=\"_blank\" rel=\"noopener\">Alexandre Gourlaouen<\/a><br \/>\n        <\/strong><\/p>\n<p>        Publi\u00e9 le<\/p>\n<p>            7 ao\u00fbt 2025 \u00e0 18h20        <\/p>\n<p><b>La feuille de match sera particuli\u00e8re<\/b> vendredi 8 ao\u00fbt 2025 pour le match du <a href=\"https:\/\/actu.fr\/tag\/stade-malherbe-de-caen\" target=\"_blank\" rel=\"noopener\">Stade Malherbe Caen<\/a> face \u00e0 Aubagne (19h30). Maxime d\u2019Ornano a convoqu\u00e9 18 joueurs pour cette premi\u00e8re journ\u00e9e, mais <b>il ne pourra en inscrire que 16 sur le document officiel<\/b>, comme le veut le r\u00e8glement \u00e0 ce niveau de comp\u00e9tition.<\/p>\n<p>Pas de deuxi\u00e8me gardien ?<\/p>\n<p class=\" wall-content\"><a href=\"https:\/\/actu.fr\/normandie\/caen_14118\/football-ya-de-la-casse-au-sm-caen-pour-le-premier-match-de-national-avec-plusieurs-blesses_63010056.html\" target=\"_blank\" rel=\"noopener\">En l\u2019absence de Dali-Amar<\/a>, Traor\u00e9, Milliner et Labonne, Maxime d\u2019Ornano n\u2019avait pas grand choix pour composer son groupe. Il s\u2019est seulement pass\u00e9 de Parfait Mandanda. En National, l\u2019entra\u00eeneur caennais pourra effectuer <b>cinq changements.<\/b> Mais sur son banc, il n\u2019a le droit qu\u2019\u00e0 cinq rempla\u00e7ants. Ainsi, si Maxime d\u2019Ornano choisi de convoquer un deuxi\u00e8me gardien sur le banc, en cas de blessure de son portier titulaire, <b>il se prive d\u2019une rotation<\/b> si le cas ne se pr\u00e9sente pas.<\/p>\n<p class=\" wall-content\">\n<p class=\" wall-content\">Sur la feuille de match, le technicien caennais pourrait donc choisir de<b> ne pas inscrire le nom de Yannis Cl\u00e9mentia<\/b>, gardien num\u00e9ro 2 tant qu\u2019Anthony Mandr\u00e9a est au club. Cela lui permettrait d\u2019avoir <b>cinq joueurs de champ sur le banc.\u00a0<\/b><\/p>\n<p class=\" wall-content\">Suivez toute l\u2019actualit\u00e9 de vos villes et m\u00e9dias favoris en vous inscrivant \u00e0 <a href=\"https:\/\/moncompte.actu.fr\" title=\"D\u00e9couvez Mon Actu\" rel=\"nofollow noopener\" data-trk=\"{&quot;cta&quot;:{&quot;action&quot;:&quot;https:\\\/\\\/moncompte.actu.fr&quot;,&quot;category&quot;:&quot;mon compte&quot;,&quot;from&quot;:&quot;article footer&quot;,&quot;name&quot;:&quot;Mon actu&quot;,&quot;type&quot;:&quot;cta&quot;}}\" target=\"_blank\">Mon Actu<\/a>.<\/p>\n","protected":false},"excerpt":{"rendered":"Par Alexandre Gourlaouen Publi\u00e9 le 7 ao\u00fbt 2025 \u00e0 18h20 La feuille de match sera particuli\u00e8re vendredi 8&hellip;\n","protected":false},"author":2,"featured_media":303940,"comment_status":"","ping_status":"","sticky":false,"template":"","format":"standard","meta":{"footnotes":""},"categories":[2],"tags":[11,63,1011,27,12,25,1745,60,266,1746],"class_list":{"0":"post-303939","1":"post","2":"type-post","3":"status-publish","4":"format-standard","5":"has-post-thumbnail","7":"category-actualites","8":"tag-actualites","9":"tag-football","10":"tag-fr","11":"tag-france","12":"tag-news","13":"tag-republique-francaise","14":"tag-sport-caen","15":"tag-sports","16":"tag-stade-malherbe-de-caen","17":"tag-stade-michel-dornano"},"share_on_mastodon":{"url":"https:\/\/pubeurope.com\/@fr\/114990341565854774","error":""},"_links":{"self":[{"href":"https:\/\/www.europesays.com\/fr\/wp-json\/wp\/v2\/posts\/303939","targetHints":{"allow":["GET"]}}],"collection":[{"href":"https:\/\/www.europesays.com\/fr\/wp-json\/wp\/v2\/posts"}],"about":[{"href":"https:\/\/www.europesays.com\/fr\/wp-json\/wp\/v2\/types\/post"}],"author":[{"embeddable":true,"href":"https:\/\/www.europesays.com\/fr\/wp-json\/wp\/v2\/users\/2"}],"replies":[{"embeddable":true,"href":"https:\/\/www.europesays.com\/fr\/wp-json\/wp\/v2\/comments?post=303939"}],"version-history":[{"count":0,"href":"https:\/\/www.europesays.com\/fr\/wp-json\/wp\/v2\/posts\/303939\/revisions"}],"wp:featuredmedia":[{"embeddable":true,"href":"https:\/\/www.europesays.com\/fr\/wp-json\/wp\/v2\/media\/303940"}],"wp:attachment":[{"href":"https:\/\/www.europesays.com\/fr\/wp-json\/wp\/v2\/media?parent=303939"}],"wp:term":[{"taxonomy":"category","embeddable":true,"href":"https:\/\/www.europesays.com\/fr\/wp-json\/wp\/v2\/categories?post=303939"},{"taxonomy":"post_tag","embeddable":true,"href":"https:\/\/www.europesays.com\/fr\/wp-json\/wp\/v2\/tags?post=303939"}],"curies":[{"name":"wp","href":"https:\/\/api.w.org\/{rel}","templated":true}]}}