{"id":30394,"date":"2025-04-17T00:53:15","date_gmt":"2025-04-17T00:53:15","guid":{"rendered":"https:\/\/www.europesays.com\/fr\/30394\/"},"modified":"2025-04-17T00:53:15","modified_gmt":"2025-04-17T00:53:15","slug":"le-fc-nantes-invite-le-jeune-supporter-parisien-exclu-a-villa-park-pour-la-reception-du-psg-16-04-2025-a-2112","status":"publish","type":"post","link":"https:\/\/www.europesays.com\/fr\/30394\/","title":{"rendered":"Le FC Nantes invite le jeune supporter parisien exclu \u00e0 Villa Park pour la r\u00e9ception du PSG &#8211; 16\/04\/2025 \u00e0 21:12"},"content":{"rendered":"<p>        <img fetchpriority=\"high\" decoding=\"async\" src=\"https:\/\/www.europesays.com\/fr\/wp-content\/uploads\/2025\/04\/82559ae3e243c217734d2e3a8e140c01-760x507.jpg\" alt=\"Le FC Nantes invite le jeune supporter parisien exclu \u00e0 Villa Park pour la r\u00e9ception du PSG\" loading=\"eager\" width=\"760\" height=\"507\" style=\"max-width: 100%!important; height: auto;\"\/><\/p>\n<p class=\"c-image-news__legend\">Le FC Nantes invite le jeune supporter parisien exclu \u00e0 Villa Park pour la r\u00e9ception du PSG<\/p>\n<p>\n Les Canaris volent au secours d\u2019un gamin en d\u00e9tresse.\n<\/p>\n<p>\n Ma\u00ebl a v\u00e9cu une belle soir\u00e9e compliqu\u00e9e ce mardi \u00e0 Villa Park. Pr\u00e9sent dans une tribune des supporters d\u2019Aston Villa lors du quart de finale retour de Ligue des champions face au Paris Saint-Germain,<br \/>\n <strong><br \/>\n  le jeune gar\u00e7on a \u00e9t\u00e9 expuls\u00e9 du stade par la s\u00e9curit\u00e9 pour avoir c\u00e9l\u00e9br\u00e9 un but parisien<br \/>\n <\/strong><br \/>\n . Un cadeau d\u2019anniversaire bien moche pour celui qui s\u2019\u00e9tait d\u00e9plac\u00e9 en Angleterre avec son papa \u00e0 l\u2019occasion de ses 13 ans. L\u2019un des amis du p\u00e8re, lui aussi pr\u00e9sent au stade, s\u2019\u00e9tait indign\u00e9 sur son compte X de ce traitement : \u00ab<\/p>\n<p>  Nous venons de nous faire expulser \u00e0 la mi-temps par la s\u00e9cu, juste parce que le petit a os\u00e9 lever les bras apr\u00e8s le but parisien. Nous lui avions offert ce d\u00e9placement pour son anniversaire\u2026 \u00bb<\/p>\n<p> \u2026\n<\/p>\n<p>\n <strong><br \/>\n  FL pour SOFOOT.com<br \/>\n <\/strong>\n<\/p>\n<p><a data-tag-commander-click=\"{&quot;label&quot;: &quot;articles::lire_la_suite_site_partenaire::so_foot::le_fc_nantes_invite_le_jeune_supporter_parisien_exclu_a_villa_park_pour_la_reception_du_psg&quot;, &quot;s2&quot;: 2, &quot;type&quot;: &quot;exit&quot;}\" target=\"_blank\" rel=\"noopener noreferrer canonical nofollow\" class=\"lienExterne c-link c-link--animated u-text-size-lg\" href=\"https:\/\/www.sofoot.com\/breves\/le-fc-nantes-invite-le-jeune-supporter-parisien-exclu-a-villa-park-pour-la-reception-du-psg\">Lire la suite de l&rsquo;article sur SoFoot.com<\/a><\/p>\n","protected":false},"excerpt":{"rendered":"Le FC Nantes invite le jeune supporter parisien exclu \u00e0 Villa Park pour la r\u00e9ception du PSG Les&hellip;\n","protected":false},"author":2,"featured_media":30395,"comment_status":"","ping_status":"","sticky":false,"template":"","format":"standard","meta":{"footnotes":""},"categories":[2818],"tags":[400,1111,11,398,408,405,1777,674,1011,27,403,402,399,404,766,12,2636,25,401,406,407],"class_list":{"0":"post-30394","1":"post","2":"type-post","3":"status-publish","4":"format-standard","5":"has-post-thumbnail","7":"category-nantes","8":"tag-action-cac-40","9":"tag-actu","10":"tag-actualites","11":"tag-bourse-de-paris","12":"tag-boursorama","13":"tag-cotations","14":"tag-eu","15":"tag-europe","16":"tag-fr","17":"tag-france","18":"tag-indices-devises","19":"tag-investir","20":"tag-investissement","21":"tag-marche-boursier","22":"tag-nantes","23":"tag-news","24":"tag-pays-de-la-loire","25":"tag-republique-francaise","26":"tag-sicav","27":"tag-trackers","28":"tag-warrants"},"share_on_mastodon":{"url":"https:\/\/pubeurope.com\/@fr\/114350575050073446","error":""},"_links":{"self":[{"href":"https:\/\/www.europesays.com\/fr\/wp-json\/wp\/v2\/posts\/30394","targetHints":{"allow":["GET"]}}],"collection":[{"href":"https:\/\/www.europesays.com\/fr\/wp-json\/wp\/v2\/posts"}],"about":[{"href":"https:\/\/www.europesays.com\/fr\/wp-json\/wp\/v2\/types\/post"}],"author":[{"embeddable":true,"href":"https:\/\/www.europesays.com\/fr\/wp-json\/wp\/v2\/users\/2"}],"replies":[{"embeddable":true,"href":"https:\/\/www.europesays.com\/fr\/wp-json\/wp\/v2\/comments?post=30394"}],"version-history":[{"count":0,"href":"https:\/\/www.europesays.com\/fr\/wp-json\/wp\/v2\/posts\/30394\/revisions"}],"wp:featuredmedia":[{"embeddable":true,"href":"https:\/\/www.europesays.com\/fr\/wp-json\/wp\/v2\/media\/30395"}],"wp:attachment":[{"href":"https:\/\/www.europesays.com\/fr\/wp-json\/wp\/v2\/media?parent=30394"}],"wp:term":[{"taxonomy":"category","embeddable":true,"href":"https:\/\/www.europesays.com\/fr\/wp-json\/wp\/v2\/categories?post=30394"},{"taxonomy":"post_tag","embeddable":true,"href":"https:\/\/www.europesays.com\/fr\/wp-json\/wp\/v2\/tags?post=30394"}],"curies":[{"name":"wp","href":"https:\/\/api.w.org\/{rel}","templated":true}]}}