{"id":303943,"date":"2025-08-08T00:38:09","date_gmt":"2025-08-08T00:38:09","guid":{"rendered":"https:\/\/www.europesays.com\/fr\/303943\/"},"modified":"2025-08-08T00:38:09","modified_gmt":"2025-08-08T00:38:09","slug":"pierre-mignoni-se-confie-sur-le-recrutement-du-rct-jentends-souvent-on-na-pas-remplace-untel","status":"publish","type":"post","link":"https:\/\/www.europesays.com\/fr\/303943\/","title":{"rendered":"Pierre Mignoni se confie sur le recrutement du RCT : \u00ab\u00a0J&rsquo;entends souvent : &lsquo;On n&rsquo;a pas remplac\u00e9 untel&rsquo;&#8230;\u00a0\u00bb"},"content":{"rendered":"<p>Le manager du Rugby Club Toulonnais, Pierre Mignoni s\u2019est confi\u00e9 dans les colonnes du Midi Olympique.<\/p>\n<p>Ce-dernier a notamment \u00e9t\u00e9 questionn\u00e9 sur le recrutement effectu\u00e9 par le RCT, cet \u00e9t\u00e9.<\/p>\n<p>Et Pierre Mignoni ne cache pas \u00eatre tr\u00e8s satisfait du recrutement effectu\u00e9 par le XV de la Rade.<\/p>\n<p>Selon lui, il s\u2019agit d\u2019un recrutement ambitieux.<\/p>\n<p><strong>Il explique \u00e9galement pourquoi il y a davantage de d\u00e9parts que d\u2019arriv\u00e9es. Extrait:<\/strong><\/p>\n<p>\u00ab\u00a0Je suis content du recrutement. C\u2019est un recrutement ambitieux. On a fait du mieux possible. Le march\u00e9, dans sa globalit\u00e9, n\u2019est pas tr\u00e8s simple. Il y a plus de d\u00e9parts que d\u2019arriv\u00e9es dans l\u2019effectif. C\u2019est voulu dans la politique du pr\u00e9sident et dans une strat\u00e9gie globale. On veut remplacer des joueurs par des jeunes du centre de formation. \u00c7a ne s\u2019\u00e9quilibre pas d\u2019un point de vue du nombre, mais pour moi, on cherche un nouvel \u00e9quilibre.\u00a0\u00bb<\/p>\n<p><strong>Il ne manque pas de r\u00e9pondre aux supporters qui ne comprennent pas pourquoi certains joueurs, sur le d\u00e9part, n\u2019ont pas \u00e9t\u00e9 remplac\u00e9s par une recrue. Extrait:<\/strong><\/p>\n<p>\u00ab\u00a0Un gar\u00e7on comme Pierre Damond, on l\u2019a fait monter et il fait d\u00e9sormais partie de l\u2019effectif professionnel. J\u2019entends souvent : \u00ab On n\u2019a pas remplac\u00e9 untel. \u00bb Il faut se nourrir de nos Espoirs. C\u2019est un objectif dans les ann\u00e9es qui viennent. Je parle de Pierre, mais je peux aussi \u00e9voquer Jo\u00e9 Qu\u00e9r\u00e9-Karaba, Marius Donon\u2026 Le but est de remplir notre effectif avec des jeunes qui ont le niveau. Ces joueurs l\u2019ont. Je suis content du recrutement. Des joueurs vont nous amener d\u2019autres choses, d\u2019autres qualit\u00e9s.\u00a0\u00bb<\/p>\n<p><strong>Pour conclure, Pierre Mignoni explique \u00eatre conscient qu\u2019il existe un \u00e9quilibre \u00e0 trouver entre la jeunesse et l\u2019exp\u00e9rience. Extrait:<\/strong><\/p>\n<p>\u00ab\u00a0Il faut trouver un \u00e9quilibre entre la jeunesse et la grande exp\u00e9rience d\u2019un gar\u00e7on comme Ma\u2019a Nonu (rires). Dans les ann\u00e9es \u00e0 venir, dans notre souhait, il y aura, je vous l\u2019ai dit, des jeunes du centre de formation qui sortent avec un recrutement de l\u2019ext\u00e9rieur qui sera plut\u00f4t jeune. \u00c7a ne veut pas dire que nous sommes en transition, mais nous voulons pr\u00e9parer l\u2019\u00e9quipe du RCT de demain. On veut un recrutement sur le temps long.\u00a0\u00bb<\/p>\n","protected":false},"excerpt":{"rendered":"Le manager du Rugby Club Toulonnais, Pierre Mignoni s\u2019est confi\u00e9 dans les colonnes du Midi Olympique. Ce-dernier a&hellip;\n","protected":false},"author":2,"featured_media":284079,"comment_status":"","ping_status":"","sticky":false,"template":"","format":"standard","meta":{"footnotes":""},"categories":[1416],"tags":[1011,27,479,1468,60],"class_list":{"0":"post-303943","1":"post","2":"type-post","3":"status-publish","4":"format-standard","5":"has-post-thumbnail","7":"category-rugby","8":"tag-fr","9":"tag-france","10":"tag-rugby","11":"tag-rugby-football","12":"tag-sports"},"share_on_mastodon":{"url":"https:\/\/pubeurope.com\/@fr\/114990357212091872","error":""},"_links":{"self":[{"href":"https:\/\/www.europesays.com\/fr\/wp-json\/wp\/v2\/posts\/303943","targetHints":{"allow":["GET"]}}],"collection":[{"href":"https:\/\/www.europesays.com\/fr\/wp-json\/wp\/v2\/posts"}],"about":[{"href":"https:\/\/www.europesays.com\/fr\/wp-json\/wp\/v2\/types\/post"}],"author":[{"embeddable":true,"href":"https:\/\/www.europesays.com\/fr\/wp-json\/wp\/v2\/users\/2"}],"replies":[{"embeddable":true,"href":"https:\/\/www.europesays.com\/fr\/wp-json\/wp\/v2\/comments?post=303943"}],"version-history":[{"count":0,"href":"https:\/\/www.europesays.com\/fr\/wp-json\/wp\/v2\/posts\/303943\/revisions"}],"wp:featuredmedia":[{"embeddable":true,"href":"https:\/\/www.europesays.com\/fr\/wp-json\/wp\/v2\/media\/284079"}],"wp:attachment":[{"href":"https:\/\/www.europesays.com\/fr\/wp-json\/wp\/v2\/media?parent=303943"}],"wp:term":[{"taxonomy":"category","embeddable":true,"href":"https:\/\/www.europesays.com\/fr\/wp-json\/wp\/v2\/categories?post=303943"},{"taxonomy":"post_tag","embeddable":true,"href":"https:\/\/www.europesays.com\/fr\/wp-json\/wp\/v2\/tags?post=303943"}],"curies":[{"name":"wp","href":"https:\/\/api.w.org\/{rel}","templated":true}]}}