{"id":303944,"date":"2025-08-08T00:39:13","date_gmt":"2025-08-08T00:39:13","guid":{"rendered":"https:\/\/www.europesays.com\/fr\/303944\/"},"modified":"2025-08-08T00:39:13","modified_gmt":"2025-08-08T00:39:13","slug":"forfait-a-cincinnati-arthur-fils-participera-t-il-a-lus-open","status":"publish","type":"post","link":"https:\/\/www.europesays.com\/fr\/303944\/","title":{"rendered":"Forfait \u00e0 Cincinnati, Arthur Fils participera-t-il \u00e0 l&rsquo;US Open ?"},"content":{"rendered":"<p>Victime d&rsquo;une fracture de fatigue au dos en plein Roland-Garros, Arthur Fils n&rsquo;est pas encore remis \u00e0 100%. Contraint \u00e0 l&rsquo;abandon \u00e0 Toronto, il ne disputera pas le Masters 1000 de Cincinnati. Le Fran\u00e7ais sera-t-il apte pour l&rsquo;US Open ? <\/p>\n<p>Forfait pour le troisi\u00e8me de Roland-Garros le 30 mai dernier, <b><a href=\"https:\/\/www.flashscore.fr\/joueur\/arthur-fils\/IoIhUqIN\/\" target=\"_blank\" rel=\"nofollow noopener\">Arthur Fils<\/a><\/b> n&rsquo;est pas encore remis de sa fracture de fatigue au dos.\u00a0<\/p>\n<p>Forfait \u00e0 Wimbledon puis \u00e0 Washington, le Fran\u00e7ais a repris la comp\u00e9tition fin juillet lors du Masters 1000 de Toronto qui s&rsquo;ach\u00e8ve. Vainqueur de <b><a href=\"https:\/\/www.flashscore.fr\/joueur\/carreno-busta-pablo\/W8WmcXdq\/\" target=\"_blank\" rel=\"nofollow noopener\">Pablo Carre\u00f1o Busta<\/a><\/b>\u00a0en deux sets, il a \u00e9t\u00e9 \u00e9limin\u00e9 en trois manches par <b><a href=\"https:\/\/www.flashscore.fr\/joueur\/lehecka-jiri\/6PlgfXKR\/\" target=\"_blank\" rel=\"nofollow noopener\">Jiri Lehecka<\/a>.<\/b> Alors qu&rsquo;il devait disputer le double avec <b><a href=\"https:\/\/www.flashscore.fr\/joueur\/shelton-ben\/QNuG0Gzb\/\" target=\"_blank\" rel=\"nofollow noopener\">Ben Shelton<\/a><\/b>, la paire avait d\u00e9clar\u00e9 forfait.\u00a0<\/p>\n<p>Fils ne prend donc pas de risque. Sera-t-il \u00e0 Winston-Salem dans 10 jours alors qu&rsquo;il y sera la t\u00eate de s\u00e9rie n\u00ba1 ? Rien n&rsquo;est moins s\u00fbr. D\u00e8s lors, sa participation \u00e0 l&rsquo;US Open qui d\u00e9bute le 24 ao\u00fbt n&rsquo;est pas encore assur\u00e9e.\u00a0<\/p>\n","protected":false},"excerpt":{"rendered":"Victime d&rsquo;une fracture de fatigue au dos en plein Roland-Garros, Arthur Fils n&rsquo;est pas encore remis \u00e0 100%.&hellip;\n","protected":false},"author":2,"featured_media":303945,"comment_status":"","ping_status":"","sticky":false,"template":"","format":"standard","meta":{"footnotes":""},"categories":[1415],"tags":[1011,27,60,1467],"class_list":{"0":"post-303944","1":"post","2":"type-post","3":"status-publish","4":"format-standard","5":"has-post-thumbnail","7":"category-tennis","8":"tag-fr","9":"tag-france","10":"tag-sports","11":"tag-tennis"},"share_on_mastodon":{"url":"https:\/\/pubeurope.com\/@fr\/114990360977534282","error":""},"_links":{"self":[{"href":"https:\/\/www.europesays.com\/fr\/wp-json\/wp\/v2\/posts\/303944","targetHints":{"allow":["GET"]}}],"collection":[{"href":"https:\/\/www.europesays.com\/fr\/wp-json\/wp\/v2\/posts"}],"about":[{"href":"https:\/\/www.europesays.com\/fr\/wp-json\/wp\/v2\/types\/post"}],"author":[{"embeddable":true,"href":"https:\/\/www.europesays.com\/fr\/wp-json\/wp\/v2\/users\/2"}],"replies":[{"embeddable":true,"href":"https:\/\/www.europesays.com\/fr\/wp-json\/wp\/v2\/comments?post=303944"}],"version-history":[{"count":0,"href":"https:\/\/www.europesays.com\/fr\/wp-json\/wp\/v2\/posts\/303944\/revisions"}],"wp:featuredmedia":[{"embeddable":true,"href":"https:\/\/www.europesays.com\/fr\/wp-json\/wp\/v2\/media\/303945"}],"wp:attachment":[{"href":"https:\/\/www.europesays.com\/fr\/wp-json\/wp\/v2\/media?parent=303944"}],"wp:term":[{"taxonomy":"category","embeddable":true,"href":"https:\/\/www.europesays.com\/fr\/wp-json\/wp\/v2\/categories?post=303944"},{"taxonomy":"post_tag","embeddable":true,"href":"https:\/\/www.europesays.com\/fr\/wp-json\/wp\/v2\/tags?post=303944"}],"curies":[{"name":"wp","href":"https:\/\/api.w.org\/{rel}","templated":true}]}}