{"id":303946,"date":"2025-08-08T00:41:18","date_gmt":"2025-08-08T00:41:18","guid":{"rendered":"https:\/\/www.europesays.com\/fr\/303946\/"},"modified":"2025-08-08T00:41:18","modified_gmt":"2025-08-08T00:41:18","slug":"motogp-a-quelle-heure-et-sur-quelle-chaine-tv-voir-le-gp-de-grande-bretagne-avec-quartararo-en-pole-position","status":"publish","type":"post","link":"https:\/\/www.europesays.com\/fr\/303946\/","title":{"rendered":"MotoGP\u00a0: \u00e0 quelle heure et sur quelle cha\u00eene TV voir le GP de Grande-Bretagne avec Quartararo en pole position ?"},"content":{"rendered":"<p class=\"paragraph text_align_left lp-f-body-02\">La 7e manche du Championnat du monde de MotoGP se d\u00e9roule ce dimanche 25 mai. Apr\u00e8s la victoire d\u2019Alex Marquez lors du sprint la veille, on s\u2019attend \u00e0 une nouvelle lutte fratricide avec Marc, l\u2019actuel leader du Championnat du monde.<\/p>\n<p class=\"paragraph text_align_left lp-f-body-02\">En grande forme, <a href=\"https:\/\/www.leparisien.fr\/sports\/motogp-johann-zarco-remporte-le-gp-de-france-une-premiere-pour-un-francais-depuis-1954-11-05-2025-YMBEXP4H6ZALBBOKXS5B3MBBF4.php\" target=\"_blank\" rel=\"noreferrer nofollow noopener\">Johann Zarco, vainqueur il y a deux semaines du Grand Prix de France<\/a> sur le circuit Bugatti au Mans, exploit qu\u2019un Fran\u00e7ais n\u2019avait plus r\u00e9alis\u00e9 depuis 71 ans, peut jouer les poils \u00e0 gratter. Class\u00e9 cinqui\u00e8me du sprint, le Cannois a \u00e9t\u00e9 l\u2019auteur d\u2019une belle remont\u00e9e en partant \u00e0 la 9e place.<\/p>\n<p class=\"paragraph text_align_left lp-f-body-02\">Fabio Quartararo, l\u2019autre Fran\u00e7ais, a r\u00e9alis\u00e9 le meilleur temps en qualifications pour d\u00e9crocher la pole position. Mieux,<a href=\"https:\/\/www.leparisien.fr\/sports\/motogp-record-du-circuit-pole-position-quartararo-frappe-fort-aux-qualifications-du-grand-prix-de-grande-bretagne-24-05-2025-ITKONGNAM5GRXIP5IUCDZCT3AM.php\" target=\"_blank\" rel=\"noreferrer nofollow noopener\"> il a \u00e9galement battu le record du tour \u00e0 Silverstone<\/a>. Une performance qu\u2019il n\u2019a pas pu confirmer au sprint en se classant 7e.<\/p>\n<p class=\"paragraph text_align_left lp-f-body-02\"><b>Le Grand Prix de Grande-Bretagne \u00e0 Silverstone comptant pour la 7e manche du Championnat du monde de MotoGP est \u00e0 suivre en direct ce dimanche 25 mai \u00e0 partir de 14 heures sur Canal<\/b> <b>+.<\/b><\/p>\n","protected":false},"excerpt":{"rendered":"La 7e manche du Championnat du monde de MotoGP se d\u00e9roule ce dimanche 25 mai. Apr\u00e8s la victoire&hellip;\n","protected":false},"author":2,"featured_media":303947,"comment_status":"","ping_status":"","sticky":false,"template":"","format":"standard","meta":{"footnotes":""},"categories":[1413],"tags":[1011,27,1457,1456,60],"class_list":{"0":"post-303946","1":"post","2":"type-post","3":"status-publish","4":"format-standard","5":"has-post-thumbnail","7":"category-moto","8":"tag-fr","9":"tag-france","10":"tag-moto","11":"tag-motocycle","12":"tag-sports"},"share_on_mastodon":{"url":"https:\/\/pubeurope.com\/@fr\/114990368956617506","error":""},"_links":{"self":[{"href":"https:\/\/www.europesays.com\/fr\/wp-json\/wp\/v2\/posts\/303946","targetHints":{"allow":["GET"]}}],"collection":[{"href":"https:\/\/www.europesays.com\/fr\/wp-json\/wp\/v2\/posts"}],"about":[{"href":"https:\/\/www.europesays.com\/fr\/wp-json\/wp\/v2\/types\/post"}],"author":[{"embeddable":true,"href":"https:\/\/www.europesays.com\/fr\/wp-json\/wp\/v2\/users\/2"}],"replies":[{"embeddable":true,"href":"https:\/\/www.europesays.com\/fr\/wp-json\/wp\/v2\/comments?post=303946"}],"version-history":[{"count":0,"href":"https:\/\/www.europesays.com\/fr\/wp-json\/wp\/v2\/posts\/303946\/revisions"}],"wp:featuredmedia":[{"embeddable":true,"href":"https:\/\/www.europesays.com\/fr\/wp-json\/wp\/v2\/media\/303947"}],"wp:attachment":[{"href":"https:\/\/www.europesays.com\/fr\/wp-json\/wp\/v2\/media?parent=303946"}],"wp:term":[{"taxonomy":"category","embeddable":true,"href":"https:\/\/www.europesays.com\/fr\/wp-json\/wp\/v2\/categories?post=303946"},{"taxonomy":"post_tag","embeddable":true,"href":"https:\/\/www.europesays.com\/fr\/wp-json\/wp\/v2\/tags?post=303946"}],"curies":[{"name":"wp","href":"https:\/\/api.w.org\/{rel}","templated":true}]}}