{"id":303948,"date":"2025-08-08T00:42:16","date_gmt":"2025-08-08T00:42:16","guid":{"rendered":"https:\/\/www.europesays.com\/fr\/303948\/"},"modified":"2025-08-08T00:42:16","modified_gmt":"2025-08-08T00:42:16","slug":"bortoleto-le-fils-qualonso-aurait-aime-avoir-eurosport","status":"publish","type":"post","link":"https:\/\/www.europesays.com\/fr\/303948\/","title":{"rendered":"Bortoleto, le fils qu&#039;Alonso aurait aim\u00e9 avoir &#8211; Eurosport"},"content":{"rendered":"<ol>\n<li><a href=\"https:\/\/news.google.com\/rss\/articles\/CBMi_wFBVV95cUxQNS1ydmQ3UU4tMTViRExTM1V4ZVZ5YkNCLV9MalJWckFUcnNwN09xck5MeWt5RWpwQk81b3dadHFmcTF6UGxkckE5cjZldm9SellmeWUyZEhMbGxhTW9LcUNmRnFGaUFMdldCZkVJOFYwcGN3bFpKek83UVZlWHNicUJiYUV6SHNIYndiTklPZWxGcjdGU2hfckdpWnQ1TFNNUkh3bnBRZWFUY2ZMa1NLTldGNFFlcUFtVHdxYUxmSUNRNlNacFE5WE5yOXYydklhcGtfTGpNNFZiSkZLMVdZLU1aLVByYjZocmctTzJUakJvMFEweXVFRjVneHAzck0?oc=5\" target=\"_blank\" rel=\"nofollow noopener\">Bortoleto, le fils qu&rsquo;Alonso aurait aim\u00e9 avoir<\/a>&nbsp;&nbsp;Eurosport<\/li>\n<li><a href=\"https:\/\/news.google.com\/rss\/articles\/CBMi1gFBVV95cUxQNDl6eVhMZ0hMeU13TGZtNVVaUy1SX0psSTlsTXlCaXQ1N1huOTh2V1ZOblJjRDdQT1NISFpyZ0lzRTRJZWNLdnpHcWl4bmM0WnFsVnE1TU04b1NIR3RMbjRhS2tiSEhKbm9lWnkyb1AyZFctcXhGY2tFenZrQXlLZWFOQko2OWI3ekp4cGwzenVwQU9ySGtSOGItaGMzbFV0bnJrcUZQRXl6ekktVThhUGRkbFZDbGFWTUNaWXdlUjUyTDEzQXN5aWNlX18wMW5TSGk5SlVR?oc=5\" target=\"_blank\" rel=\"nofollow noopener\">Fernando Alonso a-t-il raison \u00e0 propos de Gabriel Bortoleto ? \u00ab Le meilleur pilote de sa g\u00e9n\u00e9ration \u00bb<\/a>&nbsp;&nbsp;AutoHebdo<\/li>\n<li><a href=\"https:\/\/news.google.com\/rss\/articles\/CBMimgFBVV95cUxOUGlqZnVyY3Z6bEs4LTZvWlNzWFBtemVZdVZHY1FqUG5Fdmp4eE5qVi1HUHBNNTYxODVnR3FiV1phOEF1RlA3R29UaFljWWNEUkNQTEt6WG5IZVlTbk5BM2JNT0hsSHdHbldkY2w0bDJJNk5hSUdHYzYtYXQ0dFJJUkI2NnBpNk1adkVLbGxlRzYwVGdIT0haLUJB?oc=5\" target=\"_blank\" rel=\"nofollow noopener\">Trois top 10 en quatre courses, Bortoleto confirme avant l&rsquo;\u00e9t\u00e9<\/a>&nbsp;&nbsp;Motorsport.com<\/li>\n<li><a href=\"https:\/\/news.google.com\/rss\/articles\/CBMiqwFBVV95cUxPaDltcFY4NWdvenpOZGlXME93M2RFSlFTeXNERnZ4M3VteXF1bC00MzNyb19ldkQwZHdpclJ4M2dPbjRCTXJ1NHI2VW1mTkdLUVM0X3V1akpJclRnNHZNUlQ1S2NheUZVUk9Wa3NfcGhSSnQ5b0dQNGN0V2g5M3VLZkJvQWs5ZGU0cERYbkYyeFNCTWNnNExDTE9kdUItT1hvY3pSWGJjTDVkMFE?oc=5\" target=\"_blank\" rel=\"nofollow noopener\">Sauber : Bortoleto a r\u00e9gal\u00e9 son \u00e9curie, qui savoure pleinement<\/a>&nbsp;&nbsp;Sports Auto Moto<\/li>\n<li><a href=\"https:\/\/news.google.com\/rss\/articles\/CBMilwFBVV95cUxPTGp2clZJM0dZQWRWVkJQWTRmUkJ3U3lOX2N0ZGlZV3Z6SUROVHBva1ZLcXF1VXVCd1dHT0pSdFE1eEpCb0d6cWVFWS1uM2k3YzRKLWxmX2VjNDJEVDBndk1vMVpzTWk0U1l2dUJpMVZWNzBVZUJjYWF4MDVUNTlMR01tdENSYzl5UkkzZVJGZmxJbGUxb01v?oc=5\" target=\"_blank\" rel=\"nofollow noopener\">Formule 1 | Sauber d\u00e9passe toutes les attentes<\/a>&nbsp;&nbsp;LesNews<\/li>\n<\/ol>\n","protected":false},"excerpt":{"rendered":"Bortoleto, le fils qu&rsquo;Alonso aurait aim\u00e9 avoir&nbsp;&nbsp;Eurosport Fernando Alonso a-t-il raison \u00e0 propos de Gabriel Bortoleto ? \u00ab&hellip;\n","protected":false},"author":2,"featured_media":1445,"comment_status":"","ping_status":"","sticky":false,"template":"","format":"standard","meta":{"footnotes":""},"categories":[1412],"tags":[1451,1452,1453,1454,1455,1011,27,60],"class_list":{"0":"post-303948","1":"post","2":"type-post","3":"status-publish","4":"format-standard","5":"has-post-thumbnail","7":"category-f1","8":"tag-f1","9":"tag-formula-1","10":"tag-formula1","11":"tag-formule-1","12":"tag-formule1","13":"tag-fr","14":"tag-france","15":"tag-sports"},"share_on_mastodon":{"url":"https:\/\/pubeurope.com\/@fr\/114990372857910537","error":""},"_links":{"self":[{"href":"https:\/\/www.europesays.com\/fr\/wp-json\/wp\/v2\/posts\/303948","targetHints":{"allow":["GET"]}}],"collection":[{"href":"https:\/\/www.europesays.com\/fr\/wp-json\/wp\/v2\/posts"}],"about":[{"href":"https:\/\/www.europesays.com\/fr\/wp-json\/wp\/v2\/types\/post"}],"author":[{"embeddable":true,"href":"https:\/\/www.europesays.com\/fr\/wp-json\/wp\/v2\/users\/2"}],"replies":[{"embeddable":true,"href":"https:\/\/www.europesays.com\/fr\/wp-json\/wp\/v2\/comments?post=303948"}],"version-history":[{"count":0,"href":"https:\/\/www.europesays.com\/fr\/wp-json\/wp\/v2\/posts\/303948\/revisions"}],"wp:featuredmedia":[{"embeddable":true,"href":"https:\/\/www.europesays.com\/fr\/wp-json\/wp\/v2\/media\/1445"}],"wp:attachment":[{"href":"https:\/\/www.europesays.com\/fr\/wp-json\/wp\/v2\/media?parent=303948"}],"wp:term":[{"taxonomy":"category","embeddable":true,"href":"https:\/\/www.europesays.com\/fr\/wp-json\/wp\/v2\/categories?post=303948"},{"taxonomy":"post_tag","embeddable":true,"href":"https:\/\/www.europesays.com\/fr\/wp-json\/wp\/v2\/tags?post=303948"}],"curies":[{"name":"wp","href":"https:\/\/api.w.org\/{rel}","templated":true}]}}