{"id":303951,"date":"2025-08-08T00:44:09","date_gmt":"2025-08-08T00:44:09","guid":{"rendered":"https:\/\/www.europesays.com\/fr\/303951\/"},"modified":"2025-08-08T00:44:09","modified_gmt":"2025-08-08T00:44:09","slug":"om-surmotive-a-lidee-de-jouer-a-marseille-weah-revele-le-role-joue-par-gomes-dans-sa-venue","status":"publish","type":"post","link":"https:\/\/www.europesays.com\/fr\/303951\/","title":{"rendered":"OM : surmotiv\u00e9 \u00e0 l&rsquo;id\u00e9e de jouer \u00e0 Marseille, Weah r\u00e9v\u00e8le le r\u00f4le jou\u00e9 par Gomes dans sa venue"},"content":{"rendered":"<p><strong>Pr\u00eat\u00e9 par la Juventus avec option d\u2019achat, Timothy Weah a \u00e9t\u00e9 pr\u00e9sent\u00e9 \u00e0 la presse ce jeudi. Il a fait part de sa motivation et r\u00e9v\u00e9l\u00e9 qu\u2019Angel Gomes, son meilleur ami, avait jou\u00e9 un r\u00f4le important dans sa venue.<\/strong><\/p>\n<p>Pas de poste pr\u00e9f\u00e9rentiel<\/p>\n<p>\u00ab\u00a0J\u2019arrive \u00e0 Marseille sans position pr\u00e9f\u00e9r\u00e9e. Il n\u2019y a pas une position que je privil\u00e9gie quand j\u2019arrive dans un nouveau club. Je pense que \u00e7a passe par une discussion avec le coach, et voil\u00e0. Aujourd\u2019hui, il me voit comme un piston, et moi, je suis un joueur au service de l\u2019effectif. Donc si je dois jouer \u00e0 droite ou \u00e0 gauche, je suis l\u00e0 pour \u00e7a, c\u2019est mon travail. Et moi, la seule chose que j\u2019ai envie de faire, c\u2019est de gagner. Et c\u2019est \u00e0 <a href=\"https:\/\/www.butfootballclub.fr\/612872-om-mercato-nouveau-coup-de-frein-a-la-piste-zhegrova-losc\/\" rel=\"noopener nofollow\" target=\"_blank\">Marseille<\/a> qu\u2019on peut faire \u00e7a.\u00a0\u00bb<\/p>\n<p>Angel Gomes a jou\u00e9 un grand r\u00f4le dans sa venue<\/p>\n<p>\u00ab\u00a0Angel Gomes, c\u2019est mon meilleure pote dans le monde du foot. \u00c7a a jou\u00e9 un r\u00f4le aussi pour moi. Quand il m\u2019a dit qu\u2019il venait \u00e0 <a href=\"https:\/\/www.butfootballclub.fr\/612818-om-mercato-rowe-sur-le-depart-une-recrue-surprise-pourrait-debarquer\/\" rel=\"noopener nofollow\" target=\"_blank\">Marseille<\/a>, je l\u2019ai appel\u00e9 avec Medhi, et c\u2019\u00e9tait 100% s\u00fbr que j\u2019allais venir. J\u2019\u00e9tais \u00e0 Marseille, j\u2019\u00e9tais l\u00e0. Je suis tr\u00e8s content d\u2019\u00eatre avec lui. Je n\u2019ai pas gagn\u00e9 de titres avec lui \u00e0 Lille, mais on a pass\u00e9 de tr\u00e8s bons moments ensemble. Donc j\u2019esp\u00e8re faire de grandes choses avec lui.\u00a0\u00bb<\/p>\n<p>Son p\u00e8re l\u2019a aussi incit\u00e9 \u00e0 venir<\/p>\n<p>\u00ab\u00a0Mon p\u00e8re m\u2019a parl\u00e9 de la ville et de la passion des supporters. Il a fait seulement 6 mois ici, mais pour lui c\u2019\u00e9tait parfait. C\u2019est une ville et un club incroyable. Apr\u00e8s notre conversation, je me suis dis qu\u2019il fallait absolument que je vienne ici. Je suis tr\u00e8s content d\u2019\u00eatre ici !\u00a0\u00bb<\/p>\n<p>Il a engrang\u00e9 de l\u2019exp\u00e9rience \u00e0 la Juventus<\/p>\n<p>\u00ab\u00a0J\u2019ai eu la chance de jou\u00e9 pour un tr\u00e8s grand club comme la Juventus. J\u2019ai appris beaucoup de chose tactiquement. J\u2019arrive \u00e0 Marseille avec beaucoup d\u2019exp\u00e9rience, je vais tout faire pour travailler avec l\u2019\u00e9quipe !\u00a0\u00bb<\/p>\n<p>D\u00e9j\u00e0 sous le charme des supporters<\/p>\n<p>\u00ab\u00a0Le V\u00e9lodrome c\u2019est quelque chose, les supporters sont de vrais passionn\u00e9s de foot. Je vais tout donner pour l\u2019\u00e9quipe et les supporters. Rendez-vous au V\u00e9lodrome et merci aux supporters pour l\u2019accueil !\u00a0\u00bb<\/p>\n","protected":false},"excerpt":{"rendered":"Pr\u00eat\u00e9 par la Juventus avec option d\u2019achat, Timothy Weah a \u00e9t\u00e9 pr\u00e9sent\u00e9 \u00e0 la presse ce jeudi. Il&hellip;\n","protected":false},"author":2,"featured_media":303952,"comment_status":"","ping_status":"","sticky":false,"template":"","format":"standard","meta":{"footnotes":""},"categories":[1410],"tags":[11,448,63,1011,27,66,3388,12,60,10662],"class_list":{"0":"post-303951","1":"post","2":"type-post","3":"status-publish","4":"format-standard","5":"has-post-thumbnail","7":"category-football","8":"tag-actualites","9":"tag-champions-league","10":"tag-football","11":"tag-fr","12":"tag-france","13":"tag-ligue-1","14":"tag-matchs","15":"tag-news","16":"tag-sports","17":"tag-transferts"},"share_on_mastodon":{"url":"https:\/\/pubeurope.com\/@fr\/114990380777219818","error":""},"_links":{"self":[{"href":"https:\/\/www.europesays.com\/fr\/wp-json\/wp\/v2\/posts\/303951","targetHints":{"allow":["GET"]}}],"collection":[{"href":"https:\/\/www.europesays.com\/fr\/wp-json\/wp\/v2\/posts"}],"about":[{"href":"https:\/\/www.europesays.com\/fr\/wp-json\/wp\/v2\/types\/post"}],"author":[{"embeddable":true,"href":"https:\/\/www.europesays.com\/fr\/wp-json\/wp\/v2\/users\/2"}],"replies":[{"embeddable":true,"href":"https:\/\/www.europesays.com\/fr\/wp-json\/wp\/v2\/comments?post=303951"}],"version-history":[{"count":0,"href":"https:\/\/www.europesays.com\/fr\/wp-json\/wp\/v2\/posts\/303951\/revisions"}],"wp:featuredmedia":[{"embeddable":true,"href":"https:\/\/www.europesays.com\/fr\/wp-json\/wp\/v2\/media\/303952"}],"wp:attachment":[{"href":"https:\/\/www.europesays.com\/fr\/wp-json\/wp\/v2\/media?parent=303951"}],"wp:term":[{"taxonomy":"category","embeddable":true,"href":"https:\/\/www.europesays.com\/fr\/wp-json\/wp\/v2\/categories?post=303951"},{"taxonomy":"post_tag","embeddable":true,"href":"https:\/\/www.europesays.com\/fr\/wp-json\/wp\/v2\/tags?post=303951"}],"curies":[{"name":"wp","href":"https:\/\/api.w.org\/{rel}","templated":true}]}}