{"id":303953,"date":"2025-08-08T00:45:10","date_gmt":"2025-08-08T00:45:10","guid":{"rendered":"https:\/\/www.europesays.com\/fr\/303953\/"},"modified":"2025-08-08T00:45:10","modified_gmt":"2025-08-08T00:45:10","slug":"elle-a-decide-de-faire-la-pte-helmut-fritz-son-concert-vire-au-fiasco-le-geste-fou-de-son-public-dans-un-festival-francais","status":"publish","type":"post","link":"https:\/\/www.europesays.com\/fr\/303953\/","title":{"rendered":"\u00ab\u00a0Elle a d\u00e9cid\u00e9 de faire la p*te\u00a0\u00bb : Helmut Fritz, son concert vire au fiasco, le geste fou de son public dans un festival fran\u00e7ais"},"content":{"rendered":"<p>Un \u00ab\u00a0bug technique\u00a0\u00bb auquel il n\u2019avait jamais fait face devant plus de 20.000 personnes. Il y a quelques jours, <a href=\"https:\/\/www.public.fr\/exclu-video-helmut-fritz-on-va-renvoyer-les-fesses-sur-le-dancefloor\" rel=\"nofollow noopener\" target=\"_blank\">Helmut Fritz <\/a>a connu un moment compliqu\u00e9 lors de son passage \u00e0 la Kermesse Festival <strong>\u00e0 cause de sa cl\u00e9 USB<\/strong>. Fort heureusement, l\u2019artiste a re\u00e7u le soutien du public qui lui a permis de revenir sur sc\u00e8ne, plus tard dans la soir\u00e9e, avec une cl\u00e9 USB qui fonctionnait enfin.\u00a0<\/p>\n<p>La Kermesse Festival est un \u00e9v\u00e9nement lanc\u00e9 il y a 3 ans, qui r\u00e9unit les artistes qui ont marqu\u00e9 les ann\u00e9es 1990. Cette ann\u00e9e, du 1er au 3 ao\u00fbt 2025, les fans ont pu retrouver <a href=\"https:\/\/www.public.fr\/tag\/ophelie-winter\" rel=\"nofollow noopener\" target=\"_blank\">Oph\u00e9lie Winter<\/a>, PZK, <a href=\"https:\/\/www.public.fr\/michael-youn-annonce-une-suite-a-fatal-bazooka-15-ans-apres-le-phenomene\" rel=\"nofollow noopener\" target=\"_blank\">Fatal Bazooka<\/a>, ou encore Helmut Fritz.<\/p>\n<p>Ses d\u00e9buts en 2009<\/p>\n<p>Ce dernier se faisait conna\u00eetre et explosait en 2009 avec un titre devenu culte : <strong>\u00ab\u00a0\u00c7a m\u2019\u00e9nerve\u00a0\u00bb<\/strong>. Eric Greff, de son vrai nom, a cartonn\u00e9 gr\u00e2ce \u00e0 son personnage de <a href=\"https:\/\/www.public.fr\/alcool-depression-le-chanteur-helmut-fritz-auteur-du-tube-ca-m-enerve-se-confie-sur-sa-descente-aux-enfers\" rel=\"nofollow noopener\" target=\"_blank\">faux DJ Allemand<\/a> qu\u2019il a cr\u00e9\u00e9 pour tenter de percer dans la chanson.\u00a0<\/p>\n<p>\u00ab\u00a0J\u2019essayais de faire de la pop et \u00e7a ne marchait pas. Au bout d\u2019un moment, j\u2019en ai eu marre et je me suis dit\u00a0: il faut absolument qu\u2019on mette un regard sur mon travail, il faut que j\u2019existe en tant que chanteur\u00a0\u00bb, expliquait-il dans l\u2019\u00e9mission <strong>\u00ab\u00a0\u00c7a commence aujourd\u2019hui\u00a0\u00bb<\/strong>, diffus\u00e9e sur France 2 le 15\u00a0mars 2022.<\/p>\n<p>Plus de 15 ans plus tard, Helmut Fritz r\u00e9unit toujours autant de fans lorsqu\u2019il se produit sur sc\u00e8ne. Lors de sa venue \u00e0 la Kermesse Festival, le faux DJ Allemand <strong>se produisait aux alentours de 21 heures.<\/strong> N\u00e9anmoins, comme le principal int\u00e9ress\u00e9 l\u2019a annonc\u00e9 sur ses r\u00e9seaux sociaux, un probl\u00e8me technique a failli ruiner sa soir\u00e9e.\u00a0<\/p>\n<p>Helmut Fritz face \u00e0 un probl\u00e8me technique en plein festival<\/p>\n<p>\u00ab\u00a0Au cours de ma carri\u00e8re j&rsquo;ai connu quelques bugs techniques mais jamais devant 22.000 personnes. C&rsquo;\u00e9tait de ma faute\u00a0\u00bb, d\u00e9bute-t-il dans son texte publi\u00e9 sur Facebook. Avant de poursuivre : \u00ab\u00a0<strong>ma cl\u00e9 USB avait d\u00e9cid\u00e9 de faire la p*** alors qu\u2019elle \u00e9tait neuve<\/strong>. Pendant que les gars tentaient le maximum pour que les pistes soient lisibles, je vous parlais et je lisais dans vos yeux la d\u00e9ception de ne pas pouvoir exulter avec moi sur mes sons jusqu\u2019\u00e0 ce qu\u2019on comprenne ensemble que \u00e7a ne fonctionnerait pas\u00a0\u00bb.<\/p>\n<p>\u00c9voquant le \u00ab\u00a0karma\u00a0\u00bb qui n\u2019avait visiblement pas \u00ab\u00a0envie de l\u2019aider\u00a0\u00bb ce soir l\u00e0, Helmut Fritz se souvient \u00eatre retourn\u00e9 \u00e0 son h\u00f4tel pour r\u00e9cup\u00e9rer \u00ab\u00a0<strong>une cl\u00e9 back up\u00a0\u00bb.<\/strong> \u00ab\u00a0Et je vous ai promis que j\u2019allais revenir plus tard dans la soir\u00e9e, ne sachant pas si ce serait jouable car obligeant la technique \u00e0 revoir l\u2019ordre du line up et \u00e7a, quand tu es dans le jus, c\u2019est tr\u00e8s compliqu\u00e9 car il faut tout bouger \u00e0 la console, mais ils ont \u00e9t\u00e9 pro et ont parfaitement g\u00e9r\u00e9\u00a0\u00bb, souligne-t-il, ne manquant pas de f\u00e9liciter les \u00e9quipes techniques pour leur prouesse.<\/p>\n<p>Il revient plus tard et le public l&rsquo;accueille comme une rockstar<\/p>\n<p>Car Helmut Fritz a bel et bien pu faire son retour et enfin se produire devant les 22.000 personnes pr\u00e9sentes. \u00ab\u00a0Lorsque je suis remont\u00e9 sur sc\u00e8ne une heure plus tard, il faisait nuit. L\u00e0, <strong>vous m\u2019avez fait ce cadeau incroyable<\/strong> : vous m\u2019avez accueilli avec vos c\u0153urs, vos cris et les lumi\u00e8res de vos portables. Moi qui ne suis pas fan des gens qui filment pendant les concerts, ces petites lampes c\u2019\u00e9tait autre chose : des milliers de lucioles en suspension me permettant de voler au dessus de la sc\u00e8ne, de planer comme Peter Pan afin de vous livrer \u00e0 mon tour mon c\u0153ur, ma puissance, mon \u00e2me et mon \u00e9nergie. \u00c7a m\u2019a tellement transport\u00e9 que je n\u2019ai plus voulu vous quitter\u00a0\u00bb, ajoute l\u2019artiste.<\/p>\n<p>Le faux DJ Allemand conclut son texte, tr\u00e8s touch\u00e9, en expliquant : \u00ab\u00a0C\u2019est pour \u00e7a qu\u2019en sortant de sc\u00e8ne, j\u2019ai travers\u00e9 toute la foule, oui toute la foule, et fait des centaines (des milliers ?) de photos avec vous, parce que je n\u2019avais pas envie que ce moment s\u2019ach\u00e8ve, parce que j\u2019\u00e9tais l\u00e0 o\u00f9 je devais \u00eatre, \u00e0 ma place, celle que Dieu a choisi pour moi et qui est grav\u00e9e au scalpel sur ma peau : la sc\u00e8ne. Merci\u00a0\u00bb.\u00a0<\/p>\n<p>      Mentionn\u00e9s dans cet article<\/p>\n<p>      Sur le m\u00eame sujet<\/p>\n","protected":false},"excerpt":{"rendered":"Un \u00ab\u00a0bug technique\u00a0\u00bb auquel il n\u2019avait jamais fait face devant plus de 20.000 personnes. Il y a quelques&hellip;\n","protected":false},"author":2,"featured_media":303954,"comment_status":"","ping_status":"","sticky":false,"template":"","format":"standard","meta":{"footnotes":""},"categories":[1359],"tags":[1697,58,59,44396,1011,27,44397,25836,973],"class_list":{"0":"post-303953","1":"post","2":"type-post","3":"status-publish","4":"format-standard","5":"has-post-thumbnail","7":"category-people","8":"tag-concert","9":"tag-divertissement","10":"tag-entertainment","11":"tag-fatal-bazooka","12":"tag-fr","13":"tag-france","14":"tag-helmut-fritz","15":"tag-ophelie-winter","16":"tag-people"},"share_on_mastodon":{"url":"https:\/\/pubeurope.com\/@fr\/114990384633426034","error":""},"_links":{"self":[{"href":"https:\/\/www.europesays.com\/fr\/wp-json\/wp\/v2\/posts\/303953","targetHints":{"allow":["GET"]}}],"collection":[{"href":"https:\/\/www.europesays.com\/fr\/wp-json\/wp\/v2\/posts"}],"about":[{"href":"https:\/\/www.europesays.com\/fr\/wp-json\/wp\/v2\/types\/post"}],"author":[{"embeddable":true,"href":"https:\/\/www.europesays.com\/fr\/wp-json\/wp\/v2\/users\/2"}],"replies":[{"embeddable":true,"href":"https:\/\/www.europesays.com\/fr\/wp-json\/wp\/v2\/comments?post=303953"}],"version-history":[{"count":0,"href":"https:\/\/www.europesays.com\/fr\/wp-json\/wp\/v2\/posts\/303953\/revisions"}],"wp:featuredmedia":[{"embeddable":true,"href":"https:\/\/www.europesays.com\/fr\/wp-json\/wp\/v2\/media\/303954"}],"wp:attachment":[{"href":"https:\/\/www.europesays.com\/fr\/wp-json\/wp\/v2\/media?parent=303953"}],"wp:term":[{"taxonomy":"category","embeddable":true,"href":"https:\/\/www.europesays.com\/fr\/wp-json\/wp\/v2\/categories?post=303953"},{"taxonomy":"post_tag","embeddable":true,"href":"https:\/\/www.europesays.com\/fr\/wp-json\/wp\/v2\/tags?post=303953"}],"curies":[{"name":"wp","href":"https:\/\/api.w.org\/{rel}","templated":true}]}}