{"id":303955,"date":"2025-08-08T00:47:18","date_gmt":"2025-08-08T00:47:18","guid":{"rendered":"https:\/\/www.europesays.com\/fr\/303955\/"},"modified":"2025-08-08T00:47:18","modified_gmt":"2025-08-08T00:47:18","slug":"rencontres-conference-gastronomie-tombola-ce-qui-vous-attend-ce-week-end-a-la-19e-edition-du-salon-livres-et-art-en-fete-a-la-brigue","status":"publish","type":"post","link":"https:\/\/www.europesays.com\/fr\/303955\/","title":{"rendered":"Rencontres, conf\u00e9rence, gastronomie, tombola&#8230; Ce qui vous attend, ce week-end, \u00e0 la 19e \u00e9dition du salon \u00ab\u00a0Livres et art en f\u00eate\u00a0\u00bb \u00e0 La Brigue"},"content":{"rendered":"<p>Le village de La Brigue n\u2019a pas besoin d\u2019\u00eatre l\u2019\u00e9picentre d\u2019un tremblement de terre pour qu\u2019on parle de lui. Car gr\u00e2ce aux associations, les \u00e9v\u00e9nements y sont l\u00e9gion. Parmi les temps forts de l\u2019\u00e9t\u00e9 dans la petite commune de la Roya, on citera ainsi le salon \u00ab\u00a0Livres et arts en f\u00eate\u00a0\u00bb, organis\u00e9 ce week-end par Patrimoine et traditions brigasques. S\u2019il fallait d\u00e9montrer sa solidit\u00e9, pr\u00e9cisons qu\u2019il s\u2019agit de la 19e \u00e9dition\u2026<\/p>\n<p>D\u2019ann\u00e9e en ann\u00e9e, la philosophie reste n\u00e9anmoins inchang\u00e9e. Comme le nom de l\u2019\u00e9v\u00e9nement l\u2019indique tr\u00e8s justement, il s\u2019agit de c\u00e9l\u00e9brer la litt\u00e9rature &#8211; et plus largement la culture locale &#8211; sous le chapiteau de la place de Nice. Cette ann\u00e9e, deux maisons d\u2019\u00e9ditions r\u00e9gionales r\u00e9pondent de nouveau pr\u00e9sent: Baie des anges et du Cabri.<\/p>\n<p>Des fid\u00e8les et des nouveaux <\/p>\n<p>Du c\u00f4t\u00e9 des auteurs invit\u00e9s, on retrouvera deux grands fid\u00e8les, pr\u00e9sents depuis les d\u00e9buts (ou presque): Lucien Nasarre et Christian Maria. Lequel exprime d\u00e9j\u00e0 son enthousiasme sur les r\u00e9seaux sociaux: \u00ab\u00a0Quel plaisir de retrouver la vall\u00e9e de la Levenza et mon lectorat de la haute Roya!\u00a0\u00bb.<\/p>\n<p>Viendront \u00e9galement Jacqueline Bellino et Xavi\u00e8re Olharan &#8211; d\u00e9j\u00e0 pr\u00e9sentes l\u2019an dernier. Ainsi qu\u2019Esther Labrune, qui proposera parall\u00e8lement, sur son stand, des ateliers lettres et marque-page comme au XVIIIe si\u00e8cle.<\/p>\n<p>L\u2019histoire locale sera par ailleurs mise \u00e0 l\u2019honneur avec les auteures Christiane Garnero Morena et Annie Boulanger. Ou encore avec G\u00e9rard Geist, qui animera une conf\u00e9rence sur l\u2019\u00a0\u00bbHistoire oubli\u00e9e des immigr\u00e9s italiens\u00a0\u00bb, samedi, \u00e0 17 h, dans la maison des jeunes.<\/p>\n<p>Le salon Livres et arts en f\u00eate trahirait son ADN s\u2019il n\u2019y avait pas, \u00e9galement\u2026 des artistes! Pour ce cru 2025, l\u2019illustrateur Kristian sera ainsi de retour. Aux c\u00f4t\u00e9s d\u2019une flop\u00e9e de nouveaux : Sabine Petitjean, Venise Violli, Elio, Valentina, Elsie Maria. Et Tony Szabo, qui poursuivra son passage dans la vall\u00e9e avec une exposition \u00e0 Breil en septembre.<\/p>\n<p>L\u2019art culinaire \u00e0 l\u2019honneur <\/p>\n<p>Parmi les nouveaut\u00e9s, on \u00e9voquera une place accord\u00e9e, cette ann\u00e9e, \u00e0 l\u2019art culinaire. Avec la venue des \u00e9quipes du Ch\u00e2teau le Devoy Martine et des produits Champsoleil. Ainsi que la pr\u00e9sence de l\u2019autrice agricultrice Eve Vernice &#8211; rep\u00e9r\u00e9e par les organisateurs \u00e0 la journ\u00e9e de la biodiversit\u00e9 qui s\u2019est tenue en mai \u00e0 Menton.<\/p>\n<p>Sur le plan des animations, seront propos\u00e9s des comptines pour enfants, de l\u2019origami, des ateliers de cr\u00e9ation d\u2019histoires sur la base de cartes Dixit\u2026 Sans oublier une chasse \u00e0 l\u2019image. \u00ab\u00a0Ce n\u2019est pas un concours photo \u00e0 proprement parler, mais nous avons travaill\u00e9 avec Serge &#8211; qui est photographe &#8211; pour imaginer des th\u00e8mes sur la base desquels les visiteurs devront trouver des images\u00a0\u00bb, souligne Jo\u00eblle Mas, de l\u2019association Patrimoine et traditions brigasques. Citant, parmi les fils rouges possibles, l\u2019architecture, le lien entre culture et savoir, la puissance de La Brigue\u2026<\/p>\n<p>\u00ab\u00a0On fera un petit d\u00e9brief le dimanche avec ceux qui seront encore sur place\u00a0\u00bb, souligne-t-elle. Ajoutant: \u00ab\u00a0Quelqu\u2019un m\u2019a demand\u00e9 si on refaisait la dict\u00e9e. Je vais bien r\u00e9ussir \u00e0 trouver un moment pour la caler!\u00a0\u00bb<\/p>\n<p>Une tombola au profit de l\u2019association organisatrice viendra clore le week-end. Pour doter cette derni\u00e8re en petits lots, les auteurs et artistes &#8211; qui ne payent pas leur stand depuis que le salon existe &#8211; se sont pr\u00eat\u00e9s au jeu d\u2019offrir des livres et autres cr\u00e9ations.<\/p>\n<p>L\u2019attente, sur place, est r\u00e9elle. Et \u00e0 La Brigue, on se r\u00e9jouit d\u00e9j\u00e0 de savoir que gr\u00e2ce \u00e0 la r\u00e9ouverture du tunnel de Tende, les amateurs italiens du salon pourront cette fois-ci y prendre part. On profite par ailleurs des 19 ans de l\u2019\u00e9v\u00e9nement pour honorer ceux sans qui il n\u2019aurait jamais \u00e9t\u00e9 cr\u00e9\u00e9. Denise et Magali. Patrick. Puis Christine.<\/p>\n<p>L\u2019histoire d\u2019une fusion <\/p>\n<p>Au d\u00e9but, les deux composantes &#8211; livres, et arts &#8211; \u00e9taient s\u00e9par\u00e9es, rappelle Jo\u00eblle Mas. \u00ab\u00a0Il y avait la venue des auteurs et \u00e9diteurs r\u00e9gionaux, d\u2019un c\u00f4t\u00e9. Et de l\u2019autre, quelques ann\u00e9es plus tard, le week-end des arts. Nous avons finalement d\u00e9cid\u00e9 de fusionner les deux. Cela fonctionne bien ensemble\u00a0\u00bb, d\u00e9taille-t-elle.<\/p>\n<p>Formulant d\u2019ores et d\u00e9j\u00e0 une promesse: \u00ab\u00a0L\u2019an prochain, pour les 20 ans, on essaiera de voir les choses en grand.\u00a0\u00bb Gageons qu\u2019il sera toujours question de culture\u2026 et de promotion des acteurs du territoire.<\/p>\n<p><strong>Savoir+<\/strong><br \/>&#13;<br \/>\nLivres et arts en f\u00eate, les 9 et 10 ao\u00fbt d\u00e8s 10h \u00e0 La Brigue. Sous le chapiteau de la place de Nice. <br \/>&#13;<br \/>\nRenseignements sur la page <a href=\"https:\/\/www.facebook.com\/maison.dupatrimoine.1\/\" target=\"_blank\" rel=\"noopener\">Facebook \u00ab\u00a0Maison du Patrimoine\u00a0\u00bb<\/a> ou au 04.93.85.26.13.<\/p>\n","protected":false},"excerpt":{"rendered":"Le village de La Brigue n\u2019a pas besoin d\u2019\u00eatre l\u2019\u00e9picentre d\u2019un tremblement de terre pour qu\u2019on parle de&hellip;\n","protected":false},"author":2,"featured_media":303956,"comment_status":"","ping_status":"","sticky":false,"template":"","format":"standard","meta":{"footnotes":""},"categories":[1357],"tags":[1379,251,58,59,1011,27,1351,1380],"class_list":{"0":"post-303955","1":"post","2":"type-post","3":"status-publish","4":"format-standard","5":"has-post-thumbnail","7":"category-livres","8":"tag-books","9":"tag-culture","10":"tag-divertissement","11":"tag-entertainment","12":"tag-fr","13":"tag-france","14":"tag-litterature","15":"tag-livres"},"share_on_mastodon":{"url":"https:\/\/pubeurope.com\/@fr\/114990392530033557","error":""},"_links":{"self":[{"href":"https:\/\/www.europesays.com\/fr\/wp-json\/wp\/v2\/posts\/303955","targetHints":{"allow":["GET"]}}],"collection":[{"href":"https:\/\/www.europesays.com\/fr\/wp-json\/wp\/v2\/posts"}],"about":[{"href":"https:\/\/www.europesays.com\/fr\/wp-json\/wp\/v2\/types\/post"}],"author":[{"embeddable":true,"href":"https:\/\/www.europesays.com\/fr\/wp-json\/wp\/v2\/users\/2"}],"replies":[{"embeddable":true,"href":"https:\/\/www.europesays.com\/fr\/wp-json\/wp\/v2\/comments?post=303955"}],"version-history":[{"count":0,"href":"https:\/\/www.europesays.com\/fr\/wp-json\/wp\/v2\/posts\/303955\/revisions"}],"wp:featuredmedia":[{"embeddable":true,"href":"https:\/\/www.europesays.com\/fr\/wp-json\/wp\/v2\/media\/303956"}],"wp:attachment":[{"href":"https:\/\/www.europesays.com\/fr\/wp-json\/wp\/v2\/media?parent=303955"}],"wp:term":[{"taxonomy":"category","embeddable":true,"href":"https:\/\/www.europesays.com\/fr\/wp-json\/wp\/v2\/categories?post=303955"},{"taxonomy":"post_tag","embeddable":true,"href":"https:\/\/www.europesays.com\/fr\/wp-json\/wp\/v2\/tags?post=303955"}],"curies":[{"name":"wp","href":"https:\/\/api.w.org\/{rel}","templated":true}]}}