{"id":303957,"date":"2025-08-08T00:48:14","date_gmt":"2025-08-08T00:48:14","guid":{"rendered":"https:\/\/www.europesays.com\/fr\/303957\/"},"modified":"2025-08-08T00:48:14","modified_gmt":"2025-08-08T00:48:14","slug":"en-larmes-romy-secret-story-adresse-un-message-bouleversant-a-ladolescente-quelle-etait-harcelee-a-cause-de-son-secret","status":"publish","type":"post","link":"https:\/\/www.europesays.com\/fr\/303957\/","title":{"rendered":"En larmes, Romy (Secret Story) adresse un message bouleversant \u00e0 l&rsquo;adolescente qu&rsquo;elle \u00e9tait, harcel\u00e9e \u00e0 cause de son secret"},"content":{"rendered":"<p>Finaliste de la saison 13 de Secret Story, Romy a tenu un discours tr\u00e8s \u00e9mouvant ce jeudi 7 ao\u00fbt en direct de TFX. Celle qui a fait le buzz sur les r\u00e9seaux sociaux \u00e0 l&rsquo;adolescence a adress\u00e9 un message \u00e0 la jeune fille de 13 ans qu&rsquo;elle \u00e9tait \u00e0 l&rsquo;\u00e9poque.<\/p>\n<p>C&rsquo;est tout pour le moment&#8230; Ce jeudi 7 ao\u00fbt, <a href=\"https:\/\/www.programme-tv.net\/biographie\/42625-beaugrand-christophe\/\" data-link-people=\"c167a8d5-6211-4427-86cb-a1cdc2ec3741\" rel=\"nofollow noopener\" target=\"_blank\">Christophe Beaugrand<\/a> pr\u00e9sente la grande finale de <a href=\"https:\/\/www.programme-tv.net\/news\/tele-realite\/379203-date-de-lancement-retour-des-primes-decouvrez-toutes-les-infos-sur-la-nouvelle-saison-de-secret-story-2025-sur-tf1-et-tfx\/\" data-api-deeplink=\"teleloisirs:\/\/news\/379203\" rel=\"nofollow noopener\" target=\"_blank\">la saison 13 de Secret Story <\/a>en direct de TFX. \u00c0 la fin de la soir\u00e9e, le public devra d\u00e9partager Romy, Ethan, Anita et Noah. Pour l&rsquo;occasion, <a href=\"https:\/\/www.programme-tv.net\/news\/tele-realite\/380568-secret-story-2025-voici-tous-les-candidats-de-la-saison-13-photos\/\" data-api-deeplink=\"teleloisirs:\/\/news\/380568\" rel=\"nofollow noopener\" target=\"_blank\">tous les anciens habitants<\/a> \u00e9taient pr\u00e9sents sur le plateau pour soutenir les finalistes. Les derniers habitants de la Maison des Secrets ont retrac\u00e9 leur parcours et ont fait un discours pour convaincre les t\u00e9l\u00e9spectateurs de les \u00e9lire. Romy est revenue sur son secret \u2013 Je suis un ph\u00e9nom\u00e8ne viral \u2013 <a href=\"https:\/\/www.programme-tv.net\/news\/tele-realite\/384082-ca-a-ete-brutal-pour-moi-romy-secret-story-revele-en-larmes-comment-elle-a-difficilement-vecu-son-enorme-buzz-a-l-adolescence\/\" data-api-deeplink=\"teleloisirs:\/\/news\/384082\" rel=\"nofollow noopener\" target=\"_blank\">qui a \u00e9t\u00e9 lourd \u00e0 porter pendant son adolescence<\/a>. D&rsquo;ailleurs, elle a tenu \u00e0 adresser un message bouleversant \u00e0 la Romy de 13 ans.<\/p>\n<p>Romy (Secret Story) \u00e9mue par son parcours apr\u00e8s une adolescence difficile<\/p>\n<p>Envahie par les larmes, Romy a fait passer un message important lors de la finale de Secret Story. <b>\u00ab\u00a0Ce soir, je voudrais juste passer un message \u00e0 la Romy de 13 ans. Lui dire de croire en ses r\u00eaves, tout est possible. Dans quelques ann\u00e9es, tu seras dans la plus grande \u00e9mission de t\u00e9l\u00e9 de France. Tu l&rsquo;as demand\u00e9, tu l&rsquo;auras, prends juste un petit peu confiance en toi. Ne fais pas attention aux remarques des autres, tu y arriveras\u00a0\u00bb<\/b>, a-t-elle d\u00e9clar\u00e9. Tr\u00e8s \u00e9mue, la finaliste a assur\u00e9 \u00e0 Christophe Beaugrand qu&rsquo;elle ne changerait rien \u00e0 son aventure. \u00ab\u00a0Il n&rsquo;y a rien que je referais. Je suis rest\u00e9e moi-m\u00eame, authentique\u00a0\u00bb, a-t-elle confi\u00e9 avant d&rsquo;annoncer son programme apr\u00e8s la finale : \u00ab\u00a0En toute sinc\u00e9rit\u00e9, je sors d&rsquo;ici, je pars en vacances.\u00a0\u00bb<\/p>\n<p>                        Secret Story 2025 : \u00e0 combien s&rsquo;\u00e9l\u00e8vent les cagnottes des finalistes ?<\/p>\n<p>Comme tous les finalistes de Secret Story, Romy, Ethan, Anita et Noah sont assur\u00e9s de quitter l&rsquo;aventure avec l&rsquo;int\u00e9gralit\u00e9 de leurs cagnottes personnelles. Lors de la demi-finale, Romy et Ethan ont valid\u00e9 5\u00a0000\u00a0euros chacun. R\u00e9compens\u00e9s pour avoir conserv\u00e9 <a href=\"https:\/\/www.programme-tv.net\/news\/tele-realite\/380566-secret-story-2025-voici-la-liste-de-tous-les-secrets-de-la-saison-13\/\" data-api-deeplink=\"teleloisirs:\/\/news\/380566\" rel=\"nofollow noopener\" target=\"_blank\">leur secret commun<\/a>, Noah et Anita ont doubl\u00e9 leurs gains et repartiront pour le premier avec 15 900 euros et la seconde 9000 euros. En plus de cette somme, l&rsquo;un d&rsquo;entre eux remportera le ch\u00e8que de 100 000 euros promis au gagnant.<\/p>\n","protected":false},"excerpt":{"rendered":"Finaliste de la saison 13 de Secret Story, Romy a tenu un discours tr\u00e8s \u00e9mouvant ce jeudi 7&hellip;\n","protected":false},"author":2,"featured_media":303958,"comment_status":"","ping_status":"","sticky":false,"template":"","format":"standard","meta":{"footnotes":""},"categories":[1356],"tags":[244,58,59,1011,27,37473,37469,37470,37471,37472,36478,29901,37474,39375,37468,252,30052,2175,1364],"class_list":{"0":"post-303957","1":"post","2":"type-post","3":"status-publish","4":"format-standard","5":"has-post-thumbnail","7":"category-television","8":"tag-commentaire","9":"tag-divertissement","10":"tag-entertainment","11":"tag-fr","12":"tag-france","13":"tag-la-quotidienne-1099514145","14":"tag-la-quotidienne-1099539196","15":"tag-la-quotidienne-1099553915","16":"tag-la-quotidienne-1099565530","17":"tag-la-quotidienne-1099565538","18":"tag-romy-secret-story-13","19":"tag-secret-story","20":"tag-secret-story-1099553929","21":"tag-secret-story-1099644188","22":"tag-secret-story-40318845","23":"tag-television","24":"tag-tfx","25":"tag-tl-story","26":"tag-tv"},"share_on_mastodon":{"url":"https:\/\/pubeurope.com\/@fr\/114990396467778951","error":""},"_links":{"self":[{"href":"https:\/\/www.europesays.com\/fr\/wp-json\/wp\/v2\/posts\/303957","targetHints":{"allow":["GET"]}}],"collection":[{"href":"https:\/\/www.europesays.com\/fr\/wp-json\/wp\/v2\/posts"}],"about":[{"href":"https:\/\/www.europesays.com\/fr\/wp-json\/wp\/v2\/types\/post"}],"author":[{"embeddable":true,"href":"https:\/\/www.europesays.com\/fr\/wp-json\/wp\/v2\/users\/2"}],"replies":[{"embeddable":true,"href":"https:\/\/www.europesays.com\/fr\/wp-json\/wp\/v2\/comments?post=303957"}],"version-history":[{"count":0,"href":"https:\/\/www.europesays.com\/fr\/wp-json\/wp\/v2\/posts\/303957\/revisions"}],"wp:featuredmedia":[{"embeddable":true,"href":"https:\/\/www.europesays.com\/fr\/wp-json\/wp\/v2\/media\/303958"}],"wp:attachment":[{"href":"https:\/\/www.europesays.com\/fr\/wp-json\/wp\/v2\/media?parent=303957"}],"wp:term":[{"taxonomy":"category","embeddable":true,"href":"https:\/\/www.europesays.com\/fr\/wp-json\/wp\/v2\/categories?post=303957"},{"taxonomy":"post_tag","embeddable":true,"href":"https:\/\/www.europesays.com\/fr\/wp-json\/wp\/v2\/tags?post=303957"}],"curies":[{"name":"wp","href":"https:\/\/api.w.org\/{rel}","templated":true}]}}