{"id":303961,"date":"2025-08-08T00:50:18","date_gmt":"2025-08-08T00:50:18","guid":{"rendered":"https:\/\/www.europesays.com\/fr\/303961\/"},"modified":"2025-08-08T00:50:18","modified_gmt":"2025-08-08T00:50:18","slug":"tes-un-sous-doue-si-tu-nas-pas-au-moins-5-10-a-ce-quiz-sur-le-film","status":"publish","type":"post","link":"https:\/\/www.europesays.com\/fr\/303961\/","title":{"rendered":"T&rsquo;es un Sous-dou\u00e9 si tu n&rsquo;as pas au moins 5\/10 \u00e0 ce quiz sur le film"},"content":{"rendered":"<p><p><a href=\"https:\/\/www.serieously.com\" rel=\"nofollow noopener\" target=\"_blank\">Accueil<\/a> &gt; <a href=\"https:\/\/www.serieously.com\/quiz\/\" rel=\"nofollow noopener\" target=\"_blank\">Quiz<\/a> &gt; T\u2019es un Sous-dou\u00e9 si tu n\u2019as pas au moins 5\/10 \u00e0 ce quiz sur le film<\/p>\n<\/p>\n<p class=\"o-article__published-by o-article__bullets\">\n            Publi\u00e9 le<br \/>\n                        7 ao\u00fbt 2025 \u00e0 21 h 20<\/p>\n<p>             Par<br \/>\n                <a href=\"https:\/\/www.serieously.com\/author\/virginie-incerto\/\" rel=\"nofollow noopener\" target=\"_blank\">Virginie<br \/>\n                    Incerto<\/a><\/p>\n<p><strong>En tant que fan de com\u00e9dies fran\u00e7aises, tu adores le film Les Sous-dou\u00e9s ? Prouve que tu n\u2019as pas un poil dans la main comme B\u00e9bel et ses amis \u00e0 travers ce quiz sur le long-m\u00e9trage. Tente donc d\u2019obtenir un score d\u2019au moins 5\/10 !<\/strong><\/p>\n<p>Dans le film, B\u00e9bel doit passer le bac pour&#8230;<\/p>\n<p>\t\t\t\t\t<img decoding=\"async\" src=\"https:\/\/www.europesays.com\/fr\/wp-content\/uploads\/2025\/08\/design-sans-titre-39-min.jpg\" alt=\"\u00a9 AMLF\" width=\"400\" height=\"225\" loading=\"lazy\" style=\"aspect-ratio: 16\/9; object-fit: cover;\"\/><\/p>\n<p>\u00a9 AMLF<\/p>\n<p>B\u00e9bel, l\u2019un des \u00e9l\u00e8ves du cours Louis XIV, passe effectivement le bac pour la quatri\u00e8me fois.<\/p>\n<p>Apr\u00e8s lui avoir vol\u00e9 sa mobylette une premi\u00e8re fois, quelle somme Graffiti propose-t-il \u00e0 Ga\u00ebtan afin qu&rsquo;il la rach\u00e8te ?<\/p>\n<p>\t\t\t\t\t<img decoding=\"async\" src=\"https:\/\/www.europesays.com\/fr\/wp-content\/uploads\/2025\/08\/les-sous-doues-gaetan.jpg\" alt=\"\u00a9 AMLF\" width=\"400\" height=\"225\" loading=\"lazy\" style=\"aspect-ratio: 16\/9; object-fit: cover;\"\/><\/p>\n<p>\u00a9 AMLF<\/p>\n<p>Graffiti lui revend la mobylette pour 700 francs, avec l\u2019antivol qui va avec, dont il a le double des cl\u00e9s.<\/p>\n<p>Dans cette sc\u00e8ne, avec qui B\u00e9bel se retrouve-t-il dans le lit ?<\/p>\n<p>\t\t\t\t\t<img decoding=\"async\" src=\"https:\/\/www.europesays.com\/fr\/wp-content\/uploads\/2025\/08\/les-sous-doues-bebel.jpg\" alt=\"\u00a9 AMLF\" width=\"400\" height=\"225\" loading=\"lazy\" style=\"aspect-ratio: 16\/9; object-fit: cover;\"\/><\/p>\n<p>\u00a9 AMLF<\/p>\n<p>Pour pi\u00e9ger B\u00e9bel apr\u00e8s ses nombreuses tentatives de drague, Caroline l\u2019am\u00e8ne dans le lit o\u00f9 se trouve Jeanne.<\/p>\n<p>De quelle couleur est la robe que vole Ga\u00ebtan \u00e0 Catherine, la professeure d&rsquo;histoire-g\u00e9ographie, pour r\u00e9aliser une \u00e9ni\u00e8me farce ?<\/p>\n<p>\t\t\t\t\t<img decoding=\"async\" src=\"https:\/\/www.europesays.com\/fr\/wp-content\/uploads\/2025\/08\/les-sous-doues-catherine-prof.jpg\" alt=\"\u00a9 AMLF\" width=\"400\" height=\"225\" loading=\"lazy\" style=\"aspect-ratio: 16\/9; object-fit: cover;\"\/><\/p>\n<p>\u00a9 AMLF<\/p>\n<p>La robe est effectivement blanche et bleue, ce qui permet aux \u00e9l\u00e8ves de r\u00e9aliser une mise en sc\u00e8ne destin\u00e9e \u00e0 la faire punir par sa m\u00e8re, Lucie, la directrice de l\u2019\u00e9tablissement.<\/p>\n<p>    <img decoding=\"async\" src=\"https:\/\/www.europesays.com\/fr\/wp-content\/uploads\/2025\/08\/les-sous-doues-film-cours.jpg\" alt=\"les-sous-doues-film-cours\" width=\"600\" height=\"335\" loading=\"lazy\"\/><\/p>\n<p>\t\t\u00a9 AMLF<\/p>\n<p>Comment la directrice parvient-elle \u00e0 installer la machine \u00e0 apprendre sans que les \u00e9l\u00e8ves ne le sachent ?<\/p>\n<p>\t\t\t\t\t<img decoding=\"async\" src=\"https:\/\/www.europesays.com\/fr\/wp-content\/uploads\/2025\/08\/les-sous-doues-machine-apprendre.jpg\" alt=\"\u00a9 AMLF\" width=\"400\" height=\"225\" loading=\"lazy\" style=\"aspect-ratio: 16\/9; object-fit: cover;\"\/><\/p>\n<p>\u00a9 AMLF<\/p>\n<p>Pr\u00e9textant leurs bons r\u00e9sultats au dernier contr\u00f4le, Lucie, la directrice, leur a accord\u00e9 une journ\u00e9e \u00e0 la campagne. Il s\u2019agissait en r\u00e9alit\u00e9 d\u2019un subterfuge pour installer la machine \u00e0 apprendre en leur absence.<\/p>\n<p>En parlant de la machine \u00e0 apprendre, quelle est la premi\u00e8re le\u00e7on donn\u00e9e \u00e0 B\u00e9bel ?<\/p>\n<p>\t\t\t\t\t<img decoding=\"async\" src=\"https:\/\/www.europesays.com\/fr\/wp-content\/uploads\/2025\/08\/bebel-machine-a-apprendre-les-sous-doues.jpg\" alt=\"\u00a9 AMLF\" width=\"400\" height=\"225\" loading=\"lazy\" style=\"aspect-ratio: 16\/9; object-fit: cover;\"\/><\/p>\n<p>\u00a9 AMLF<\/p>\n<p>La machine lui fait r\u00e9p\u00e9ter que l\u2019ONU, Organisation des Nations Unies, a \u00e9t\u00e9 fond\u00e9e en 1942 (ce qui est d\u2019ailleurs faux, c\u2019est 1945 !).<\/p>\n<p>Dans quel objet se trouve la bombe qui fait exploser toute l&rsquo;\u00e9cole ?<\/p>\n<p>\t\t\t\t\t<img decoding=\"async\" src=\"https:\/\/www.europesays.com\/fr\/wp-content\/uploads\/2025\/08\/les-sous-doues.jpg\" alt=\"\u00a9 AMLF\" width=\"400\" height=\"225\" loading=\"lazy\" style=\"aspect-ratio: 16\/9; object-fit: cover;\"\/><\/p>\n<p>\u00a9 AMLF<\/p>\n<p>La bombe, qui n\u2019est pas celle des \u00e9l\u00e8ves, se trouve dans une couscoussi\u00e8re.<\/p>\n<p>Quelle peine de prison les \u00e9l\u00e8ves encourent-ils s&rsquo;ils n&rsquo;obtiennent pas leur bac ?<\/p>\n<p>\t\t\t\t\t<img decoding=\"async\" src=\"https:\/\/www.europesays.com\/fr\/wp-content\/uploads\/2025\/08\/les-sous-doues-tribunal.jpg\" alt=\"\u00a9 AMLF\" width=\"400\" height=\"225\" loading=\"lazy\" style=\"aspect-ratio: 16\/9; object-fit: cover;\"\/><\/p>\n<p>\u00a9 AMLF<\/p>\n<p>Les \u00ab\u00a0casseurs\u00a0\u00bb encourent 6 mois de prison, voire plus, selon la juge.<\/p>\n<p>Vrai ou faux : Togo a cach\u00e9 ses antis\u00e8ches d&rsquo;histoire dans la semelle gauche et de g\u00e9ographie dans la semelle droite.<\/p>\n<p>\t\t\t\t\t<img decoding=\"async\" src=\"https:\/\/www.europesays.com\/fr\/wp-content\/uploads\/2025\/08\/les-sous-doues-togo.jpg\" alt=\"\u00a9 AMLF\" width=\"400\" height=\"225\" loading=\"lazy\" style=\"aspect-ratio: 16\/9; object-fit: cover;\"\/><\/p>\n<p>\u00a9 AMLF<\/p>\n<p>Faux, c\u2019est l\u2019inverse !<\/p>\n<p>De quel auteur provient le texte en anglais que r\u00e9cite le m\u00e9decin pendant l&rsquo;accouchement de Jeanne ?<\/p>\n<p>\t\t\t\t\t<img decoding=\"async\" src=\"https:\/\/www.europesays.com\/fr\/wp-content\/uploads\/2025\/08\/les-sous-doues-bac-accouchement.jpg\" alt=\"\u00a9 AMLF\" width=\"400\" height=\"225\" loading=\"lazy\" style=\"aspect-ratio: 16\/9; object-fit: cover;\"\/><\/p>\n<p>\u00a9 AMLF<\/p>\n<p>Les \u00e9l\u00e8ves doivent traduire un texte de Rudyard Kipling, que le m\u00e9decin r\u00e9cite lors de l\u2019accouchement de Jeanne.<\/p>\n<p class=\"o-quiz__result-title\">Tu n&rsquo;es pas un Sous-dou\u00e9 !<\/p>\n<p class=\"o-quiz__result-subtitle\">Tu as obtenu un score de [[ score ]]\/[[ questions ]]<\/p>\n<p>\t\t\t\t\t\t\t\t\t<img decoding=\"async\" src=\"https:\/\/www.europesays.com\/fr\/wp-content\/uploads\/2025\/08\/les-sous-doues-gaston-pourquier.jpg\" alt=\"Tu n'es pas un Sous-dou\u00e9 !\" width=\"768\" height=\"432\" loading=\"lazy\"\/><\/p>\n<p>Bien jou\u00e9 \u00e0 toi ! Ta performance nous indique que tu connais suffisamment Les Sous-dou\u00e9s pour r\u00e9ussir les \u00e9preuves du bac, enfin bien mieux que B\u00e9bel et ses amis. Pour toi, c\u2019est un film culte que tu adores revoir de temps en temps d\u2019o\u00f9 ton joli score \u00e0 ce quiz. On te f\u00e9licite !<\/p>\n<p><a href=\"https:\/\/www.serieously.com\/films\/les-sous-doues\/\" target=\"_blank\" rel=\"noopener nofollow\">Tu es fan des Sous-dou\u00e9s ? Retrouve d\u2019autres quiz en cliquant ici !<\/a><\/p>\n<p class=\"o-quiz__result-title\">Tu es un Sous-dou\u00e9&#8230;<\/p>\n<p class=\"o-quiz__result-subtitle\">Tu as obtenu un score de [[ score ]]\/[[ questions ]]<\/p>\n<p>\t\t\t\t\t\t\t\t\t<img decoding=\"async\" src=\"https:\/\/www.europesays.com\/fr\/wp-content\/uploads\/2025\/08\/bebel-machine-a-apprendre-les-sous-doues.jpg\" alt=\"Tu es un Sous-dou\u00e9...\" width=\"768\" height=\"432\" loading=\"lazy\"\/><\/p>\n<p>Malheureusement, tu n\u2019es pas tr\u00e8s cal\u00e9 sur le film\u2026 Ton pi\u00e8tre score nous fait dire que tu as toutes les qualit\u00e9s requises pour int\u00e9grer la bande de B\u00e9bel et ses amis et multiplier les b\u00eatises au cours Louis XIV plut\u00f4t que de r\u00e9viser le bac. Profites-en pour revisionner, tu devrais adorer leurs farces !<\/p>\n<p><a href=\"https:\/\/www.serieously.com\/films\/les-sous-doues\/\" target=\"_blank\" rel=\"noopener nofollow\">Tu es fan des Sous-dou\u00e9s ? Retrouve d\u2019autres quiz en cliquant ici !<\/a><\/p>\n<p>\t\tRecommencer le quiz<\/p>\n<p>\t\t\t<img decoding=\"async\" src=\"https:\/\/www.europesays.com\/fr\/wp-content\/uploads\/2025\/08\/avatar-virginie.jpg\" alt=\"Virginie Incerto\" width=\"70\" height=\"70\" loading=\"lazy\"\/><\/p>\n<p class=\"m-user__name\">Virginie Incerto<\/p>\n<p class=\"m-user__description\">Journaliste pop culture et lifestyle<\/p>\n<p>\n\t\t\t\t\t\t\t\t\t\t\t\t\t\t\tContacter<br \/>\n\t\t\t\t\t\tVirginie\n\t\t\t\t\t\t\t\t\t<\/p>\n<p>Lundi&rsquo;spensable<\/p>\n<p class=\"mt-4 mb-4 text-xl text-center\">Le meilleur de <\/p>\n<p> dans ta boite mail<\/p>\n","protected":false},"excerpt":{"rendered":"Accueil &gt; Quiz &gt; T\u2019es un Sous-dou\u00e9 si tu n\u2019as pas au moins 5\/10 \u00e0 ce quiz sur&hellip;\n","protected":false},"author":2,"featured_media":303962,"comment_status":"","ping_status":"","sticky":false,"template":"","format":"standard","meta":{"footnotes":""},"categories":[1354],"tags":[58,59,1346,1011,27,1360],"class_list":{"0":"post-303961","1":"post","2":"type-post","3":"status-publish","4":"format-standard","5":"has-post-thumbnail","7":"category-films","8":"tag-divertissement","9":"tag-entertainment","10":"tag-films","11":"tag-fr","12":"tag-france","13":"tag-movies"},"share_on_mastodon":{"url":"https:\/\/pubeurope.com\/@fr\/114990405062805767","error":""},"_links":{"self":[{"href":"https:\/\/www.europesays.com\/fr\/wp-json\/wp\/v2\/posts\/303961","targetHints":{"allow":["GET"]}}],"collection":[{"href":"https:\/\/www.europesays.com\/fr\/wp-json\/wp\/v2\/posts"}],"about":[{"href":"https:\/\/www.europesays.com\/fr\/wp-json\/wp\/v2\/types\/post"}],"author":[{"embeddable":true,"href":"https:\/\/www.europesays.com\/fr\/wp-json\/wp\/v2\/users\/2"}],"replies":[{"embeddable":true,"href":"https:\/\/www.europesays.com\/fr\/wp-json\/wp\/v2\/comments?post=303961"}],"version-history":[{"count":0,"href":"https:\/\/www.europesays.com\/fr\/wp-json\/wp\/v2\/posts\/303961\/revisions"}],"wp:featuredmedia":[{"embeddable":true,"href":"https:\/\/www.europesays.com\/fr\/wp-json\/wp\/v2\/media\/303962"}],"wp:attachment":[{"href":"https:\/\/www.europesays.com\/fr\/wp-json\/wp\/v2\/media?parent=303961"}],"wp:term":[{"taxonomy":"category","embeddable":true,"href":"https:\/\/www.europesays.com\/fr\/wp-json\/wp\/v2\/categories?post=303961"},{"taxonomy":"post_tag","embeddable":true,"href":"https:\/\/www.europesays.com\/fr\/wp-json\/wp\/v2\/tags?post=303961"}],"curies":[{"name":"wp","href":"https:\/\/api.w.org\/{rel}","templated":true}]}}