{"id":303963,"date":"2025-08-08T00:51:10","date_gmt":"2025-08-08T00:51:10","guid":{"rendered":"https:\/\/www.europesays.com\/fr\/303963\/"},"modified":"2025-08-08T00:51:10","modified_gmt":"2025-08-08T00:51:10","slug":"les-americains-mangent-moins-daliments-ultratransformes-quavant-mais-cela-reste-encore-trop","status":"publish","type":"post","link":"https:\/\/www.europesays.com\/fr\/303963\/","title":{"rendered":"Les Am\u00e9ricains mangent moins d\u2019aliments ultratransform\u00e9s qu\u2019avant, mais cela reste encore trop"},"content":{"rendered":"<p>Malgr\u00e9 une inflexion encourageante, les Am\u00e9ricains restent parmi les plus gros consommateurs d\u2019<a href=\"https:\/\/www.20minutes.fr\/economie\/agroalimentaire\/\" target=\"_blank\" class=\"color-ultramarine c-link\" rel=\"noopener\">aliments ultratransform\u00e9s<\/a> au monde, selon une nouvelle \u00e9tude publi\u00e9e jeudi par les Centres pour le contr\u00f4le et la pr\u00e9vention des <a href=\"https:\/\/www.20minutes.fr\/dossier\/maladie\" target=\"_blank\" class=\"color-ultramarine c-link\" rel=\"noopener\">maladies<\/a> (CDC). Ces produits repr\u00e9sentent toujours plus de la moiti\u00e9 de l\u2019apport calorique aux Etats-Unis, un niveau pr\u00e9occupant sur le plan sanitaire.<\/p>\n<p>Entre\u00a02021 et\u00a02023, les aliments ultratransform\u00e9s ont constitu\u00e9 55\u00a0% des apports caloriques moyens aux <a href=\"https:\/\/www.20minutes.fr\/monde\/etats-unis\/\" target=\"_blank\" class=\"color-ultramarine c-link\" rel=\"noopener\">Etats-Unis<\/a>, r\u00e9v\u00e8lent les CDC. Cette part grimpe m\u00eame \u00e0 pr\u00e8s de 62\u00a0% chez les <a href=\"https:\/\/www.20minutes.fr\/dossier\/enfant\" target=\"_blank\" class=\"color-ultramarine c-link\" rel=\"noopener\">enfants<\/a> et <a href=\"https:\/\/www.20minutes.fr\/dossier\/adolescent\" target=\"_blank\" class=\"color-ultramarine c-link\" rel=\"noopener\">adolescents<\/a>, contre 53\u00a0% chez les adultes. Si les chiffres marquent une baisse par rapport aux donn\u00e9es pr\u00e9c\u00e9dentes \u2013 56\u00a0% pour les adultes et 65,6\u00a0% pour les mineurs en 2017-2018 \u2013, les Etats-Unis demeurent en t\u00eate du classement mondial, aux c\u00f4t\u00e9s du <a href=\"https:\/\/www.20minutes.fr\/monde\/royaume-uni\/\" target=\"_blank\" class=\"color-ultramarine c-link\" rel=\"noopener\">Royaume-Uni<\/a> et du <a href=\"https:\/\/www.20minutes.fr\/dossier\/canada\" target=\"_blank\" class=\"color-ultramarine c-link\" rel=\"noopener\">Canada<\/a>.<\/p>\n<\/p>\n<p>Des produits ultra-sucr\u00e9s et trop sal\u00e9s<\/p>\n<p>Ces produits (burgers industriels, sodas, chips, p\u00e2tisseries transform\u00e9es ou plats pr\u00e9par\u00e9s) sont souvent riches en sucres ajout\u00e9s, en graisses satur\u00e9es, en sel, et contiennent de nombreux additifs. Leur consommation excessive est r\u00e9guli\u00e8rement associ\u00e9e \u00e0 un risque accru d\u2019ob\u00e9sit\u00e9, de diab\u00e8te de type 2 et de maladies cardiovasculaires.<\/p>\n<p><a href=\"https:\/\/www.20minutes.fr\/sante\/\" target=\"_blank\" class=\"c-link c-btn c-btn--primary\" rel=\"noopener\">Notre dossier Sant\u00e9<\/a><\/p>\n<p>Les CDC ne pr\u00e9cisent pas les causes exactes de la l\u00e9g\u00e8re diminution observ\u00e9e, mais la multiplication des messages de pr\u00e9vention sur les effets n\u00e9fastes de la <a href=\"https:\/\/www.20minutes.fr\/dossier\/malbouffe\" target=\"_blank\" class=\"color-ultramarine c-link\" rel=\"noopener\">malbouffe<\/a> pourrait avoir commenc\u00e9 \u00e0 porter ses fruits. En parall\u00e8le, le ministre am\u00e9ricain de la Sant\u00e9, <a href=\"https:\/\/www.20minutes.fr\/monde\/robert-kennedy-jr\/\" target=\"_blank\" class=\"color-ultramarine c-link\" rel=\"noopener\">Robert F. Kennedy Jr.<\/a>, figure controvers\u00e9e pour ses positions antivaccins, a fait de la lutte contre les maladies chroniques une priorit\u00e9 nationale. L\u2019<a href=\"https:\/\/www.20minutes.fr\/dossier\/obesite\" target=\"_blank\" class=\"color-ultramarine c-link\" rel=\"noopener\">ob\u00e9sit\u00e9<\/a> et le <a href=\"https:\/\/www.20minutes.fr\/dossier\/diabete\" target=\"_blank\" class=\"color-ultramarine c-link\" rel=\"noopener\">diab\u00e8te<\/a> figurent au c\u0153ur de ses engagements, tout comme sa critique ouverte de l\u2019industrie de la malbouffe.<\/p>\n","protected":false},"excerpt":{"rendered":"Malgr\u00e9 une inflexion encourageante, les Am\u00e9ricains restent parmi les plus gros consommateurs d\u2019aliments ultratransform\u00e9s au monde, selon une&hellip;\n","protected":false},"author":2,"featured_media":303964,"comment_status":"","ping_status":"","sticky":false,"template":"","format":"standard","meta":{"footnotes":""},"categories":[10],"tags":[47,5825,234,73,1011,27,72,226,7924,74,233,71,5699],"class_list":{"0":"post-303963","1":"post","2":"type-post","3":"status-publish","4":"format-standard","5":"has-post-thumbnail","7":"category-sante","8":"tag-actualite","9":"tag-agroalimentaire","10":"tag-diabete","11":"tag-etats-unis","12":"tag-fr","13":"tag-france","14":"tag-health","15":"tag-maladie","16":"tag-malbouffe","17":"tag-monde","18":"tag-obesite","19":"tag-sante","20":"tag-sante-publique"},"share_on_mastodon":{"url":"https:\/\/pubeurope.com\/@fr\/114990408367419101","error":""},"_links":{"self":[{"href":"https:\/\/www.europesays.com\/fr\/wp-json\/wp\/v2\/posts\/303963","targetHints":{"allow":["GET"]}}],"collection":[{"href":"https:\/\/www.europesays.com\/fr\/wp-json\/wp\/v2\/posts"}],"about":[{"href":"https:\/\/www.europesays.com\/fr\/wp-json\/wp\/v2\/types\/post"}],"author":[{"embeddable":true,"href":"https:\/\/www.europesays.com\/fr\/wp-json\/wp\/v2\/users\/2"}],"replies":[{"embeddable":true,"href":"https:\/\/www.europesays.com\/fr\/wp-json\/wp\/v2\/comments?post=303963"}],"version-history":[{"count":0,"href":"https:\/\/www.europesays.com\/fr\/wp-json\/wp\/v2\/posts\/303963\/revisions"}],"wp:featuredmedia":[{"embeddable":true,"href":"https:\/\/www.europesays.com\/fr\/wp-json\/wp\/v2\/media\/303964"}],"wp:attachment":[{"href":"https:\/\/www.europesays.com\/fr\/wp-json\/wp\/v2\/media?parent=303963"}],"wp:term":[{"taxonomy":"category","embeddable":true,"href":"https:\/\/www.europesays.com\/fr\/wp-json\/wp\/v2\/categories?post=303963"},{"taxonomy":"post_tag","embeddable":true,"href":"https:\/\/www.europesays.com\/fr\/wp-json\/wp\/v2\/tags?post=303963"}],"curies":[{"name":"wp","href":"https:\/\/api.w.org\/{rel}","templated":true}]}}