{"id":303970,"date":"2025-08-08T00:55:11","date_gmt":"2025-08-08T00:55:11","guid":{"rendered":"https:\/\/www.europesays.com\/fr\/303970\/"},"modified":"2025-08-08T00:55:11","modified_gmt":"2025-08-08T00:55:11","slug":"trump-presente-a-la-maison-blanche-des-statistiques-economiques-alternatives","status":"publish","type":"post","link":"https:\/\/www.europesays.com\/fr\/303970\/","title":{"rendered":"Trump pr\u00e9sente \u00e0 la Maison-Blanche des statistiques \u00e9conomiques alternatives"},"content":{"rendered":"<p class=\"fig-paragraph\"><a href=\"https:\/\/www.lefigaro.fr\/tag\/donald-trump\" target=\"_blank\" rel=\"noopener nofollow\" data-gtm-custom-categorie=\"navigation\" data-gtm-custom-action=\"crossclick\" data-gtm-custom-label=\"Contextuel\" data-gtm-event=\"customEventSPE\">Donald Trump<\/a>\u00a0a pr\u00e9sent\u00e9 jeudi 7 ao\u00fbt des statistiques \u00e9conomiques \u00abalternatives\u00bb prouvant selon lui que\u00a0<a href=\"http:\/\/www.lefigaro.fr\/conjoncture\/les-chiffres-decevants-de-l-emploi-americain-sont-truques-estime-donald-trump-20250801\" target=\"_blank\" data-fig-type=\"NewsFlash\" rel=\"noopener nofollow\" data-gtm-custom-categorie=\"navigation\" data-gtm-custom-action=\"crossclick\" data-gtm-custom-label=\"Contextuel\" data-gtm-event=\"customEventSPE\" data-fig-domain=\"LEFIGARO\">les chiffres officiels<\/a>\u00a0ont \u00e9t\u00e9 fauss\u00e9s \u00abvolontairement\u00bb en faveur de son pr\u00e9d\u00e9cesseur Joe Biden, peu apr\u00e8s avoir limog\u00e9 la patronne de la principale agence publique de statistiques de l&#8217;emploi. Devant les journalistes, convoqu\u00e9s en toute h\u00e2te dans le Bureau ovale pour une annonce qualifi\u00e9e de \u00abmajeure\u00bb par un haut responsable, le pr\u00e9sident r\u00e9publicain a exhib\u00e9 plusieurs graphiques en compagnie de Stephen Moore.<\/p>\n<p class=\"fig-paragraph\">Cet \u00e9conomiste travaillant avec le tr\u00e8s conservateur centre de r\u00e9flexion Heritage Foundation a affirm\u00e9 que \u00abdurant les deux derni\u00e8res ann\u00e9es du gouvernement de Joe Biden, le Bureau des statistiques de l&#8217;emploi (BLS) avait surestim\u00e9 les cr\u00e9ations d&#8217;emploi de 1,5 million d&rsquo;unit\u00e9s\u00bb. Face \u00e0 cette \u00aberreur gigantesque\u00bb, le pr\u00e9sident r\u00e9publicain \u00aba eu raison de demander \u00e0 nommer un nouveau responsable\u00bb de cette agence f\u00e9d\u00e9rale, a assur\u00e9 cet expert, conseiller de longue date de Donald Trump. \u00abJe ne pense pas que c&rsquo;\u00e9tait une erreur. Je pense que \u00e7a a \u00e9t\u00e9 fait volontairement\u00bb, a comment\u00e9 le pr\u00e9sident am\u00e9ricain. \u00abCe sont des donn\u00e9es incroyables. Nous allons tr\u00e8s bien\u00bb, s&rsquo;est-il f\u00e9licit\u00e9. Selon les calculs de Stephen Moore, \u00abdurant les cinq premiers mois de mandat de M. Trump, le revenu moyen des foyers, ajust\u00e9 de l&rsquo;inflation, a progress\u00e9 de 1.174 dollars\u00bb.<\/p>\n<p>                                    <a class=\"fig-a11y-skip a11y-hidden\" href=\"#fig-a11y-skip-main-inarticle\"><br \/>\n        Passer la publicit\u00e9<br \/>\n    <\/a><\/p>\n<p>Fureur<\/p>\n<p class=\"fig-paragraph\">Le BLS revoit de mani\u00e8re r\u00e9guli\u00e8re, \u00e0 la hausse ou \u00e0 la baisse, les donn\u00e9es de l&#8217;emploi apr\u00e8s la publication initiale, parfois de mani\u00e8re importante. La derni\u00e8re r\u00e9vision d&rsquo;importance, d\u00e9but ao\u00fbt, a revu \u00e0 la baisse de 258.000 emplois sur les deux derniers mois. Cette rectification a provoqu\u00e9 la fureur de Donald Trump qui a d\u00e9cid\u00e9 dans la foul\u00e9e de limoger la responsable du Bureau, accus\u00e9e d&rsquo;avoir \u00abtruqu\u00e9 les chiffres de l&#8217;emploi avant l&rsquo;\u00e9lection pour augmenter les chances de victoires de Kamala\u00bb Harris, son adversaire d\u00e9mocrate lors de la derni\u00e8re \u00e9lection pr\u00e9sidentielle.<\/p>\n<p class=\"fig-paragraph\">Donald Trump avait voulu pendant son premier mandat nommer Stephen Moore \u00e0 la Fed, la puissante banque centrale am\u00e9ricaine. Il avait renonc\u00e9 face \u00e0 des critiques portant sur les qualifications de l&rsquo;\u00e9conomiste ainsi que sur des commentaires sexistes \u00e9mis par ce dernier.<\/p>\n","protected":false},"excerpt":{"rendered":"Donald Trump\u00a0a pr\u00e9sent\u00e9 jeudi 7 ao\u00fbt des statistiques \u00e9conomiques \u00abalternatives\u00bb prouvant selon lui que\u00a0les chiffres officiels\u00a0ont \u00e9t\u00e9 fauss\u00e9s&hellip;\n","protected":false},"author":2,"featured_media":303971,"comment_status":"","ping_status":"","sticky":false,"template":"","format":"standard","meta":{"footnotes":""},"categories":[6],"tags":[35,75,33,34,1011,27],"class_list":{"0":"post-303970","1":"post","2":"type-post","3":"status-publish","4":"format-standard","5":"has-post-thumbnail","7":"category-economie","8":"tag-business","9":"tag-donald-trump","10":"tag-economie","11":"tag-economy","12":"tag-fr","13":"tag-france"},"share_on_mastodon":{"url":"https:\/\/pubeurope.com\/@fr\/114990424325315314","error":""},"_links":{"self":[{"href":"https:\/\/www.europesays.com\/fr\/wp-json\/wp\/v2\/posts\/303970","targetHints":{"allow":["GET"]}}],"collection":[{"href":"https:\/\/www.europesays.com\/fr\/wp-json\/wp\/v2\/posts"}],"about":[{"href":"https:\/\/www.europesays.com\/fr\/wp-json\/wp\/v2\/types\/post"}],"author":[{"embeddable":true,"href":"https:\/\/www.europesays.com\/fr\/wp-json\/wp\/v2\/users\/2"}],"replies":[{"embeddable":true,"href":"https:\/\/www.europesays.com\/fr\/wp-json\/wp\/v2\/comments?post=303970"}],"version-history":[{"count":0,"href":"https:\/\/www.europesays.com\/fr\/wp-json\/wp\/v2\/posts\/303970\/revisions"}],"wp:featuredmedia":[{"embeddable":true,"href":"https:\/\/www.europesays.com\/fr\/wp-json\/wp\/v2\/media\/303971"}],"wp:attachment":[{"href":"https:\/\/www.europesays.com\/fr\/wp-json\/wp\/v2\/media?parent=303970"}],"wp:term":[{"taxonomy":"category","embeddable":true,"href":"https:\/\/www.europesays.com\/fr\/wp-json\/wp\/v2\/categories?post=303970"},{"taxonomy":"post_tag","embeddable":true,"href":"https:\/\/www.europesays.com\/fr\/wp-json\/wp\/v2\/tags?post=303970"}],"curies":[{"name":"wp","href":"https:\/\/api.w.org\/{rel}","templated":true}]}}