{"id":303972,"date":"2025-08-08T00:56:12","date_gmt":"2025-08-08T00:56:12","guid":{"rendered":"https:\/\/www.europesays.com\/fr\/303972\/"},"modified":"2025-08-08T00:56:12","modified_gmt":"2025-08-08T00:56:12","slug":"rencontre-imminente-entre-trump-et-poutine-et-accusation-de-russophobie-envers-litalie","status":"publish","type":"post","link":"https:\/\/www.europesays.com\/fr\/303972\/","title":{"rendered":"Rencontre imminente entre Trump et Poutine et accusation de russophobie envers l\u2019Italie"},"content":{"rendered":"<p>Vous avez rat\u00e9 les derniers \u00e9v\u00e9nements sur la <a href=\"https:\/\/www.20minutes.fr\/monde\/ukraine\/\" class=\"color-ultramarine c-link\" rel=\"nofollow noopener\" target=\"_blank\">guerre en Ukraine<\/a>\u00a0? 20 Minutes fait le point pour vous tous les soirs. Voici l\u2019essentiel de ce jeudi 7\u00a0ao\u00fbt, au 1.261e jour du <a href=\"https:\/\/www.20minutes.fr\/monde\/conflit\/\" class=\"color-ultramarine c-link\" rel=\"nofollow noopener\" target=\"_blank\">conflit<\/a>.<\/p>\n<p>La tendance du jour<\/p>\n<p>Deux des hommes les plus puissants du monde vont se rencontrer (et non, on ne parle pas de C\u00e9dric Doumb\u00e9 et Baki pour le rematch). Le Kremlin a annonc\u00e9 jeudi un \u00ab\u00a0accord de principe\u00a0\u00bb pour une rencontre entre <a href=\"https:\/\/www.20minutes.fr\/monde\/vladimir_poutine\/\" target=\"_blank\" class=\"color-ultramarine c-link\" rel=\"nofollow noopener\">Vladimir Poutine<\/a> et <a href=\"https:\/\/www.20minutes.fr\/dossier\/donald_trump\" class=\"color-ultramarine c-link\" rel=\"nofollow noopener\" target=\"_blank\">Donald Trump<\/a> \u00ab\u00a0dans les prochains jours\u00a0\u00bb, tout en \u00e9cartant dans l\u2019imm\u00e9diat un sommet \u00e0 trois avec le pr\u00e9sident ukrainien Volodymyr Zelensky, qui insiste pour n\u00e9gocier directement avec son homologue russe.<\/p>\n<p>Vladimir Poutine a estim\u00e9 que les \u00ab\u00a0conditions\u00a0\u00bb n\u2019\u00e9taient pas r\u00e9unies pour un t\u00eate-\u00e0-t\u00eate avec <a href=\"https:\/\/www.20minutes.fr\/monde\/volodymyr-zelensky\/\" class=\"color-ultramarine c-link\" rel=\"nofollow noopener\" target=\"_blank\">Volodymyr Zelensky<\/a>. Moscou avait pr\u00e9c\u00e9demment fait savoir qu\u2019un tel sc\u00e9nario n\u2019avait de sens qu\u2019en phase finale des n\u00e9gociations de paix. Ce serait la premi\u00e8re fois que Poutine et Trump se verraient directement depuis son retour \u00e0 la <a href=\"https:\/\/www.20minutes.fr\/dossier\/maison_blanche\" target=\"_blank\" class=\"color-ultramarine c-link\" rel=\"nofollow noopener\">Maison-Blanche<\/a> en janvier.<\/p>\n<p>Le chiffre du jour<\/p>\n<p>2. L\u2019Inde est le deuxi\u00e8me acheteur de <a href=\"https:\/\/www.20minutes.fr\/dossier\/petrole\" target=\"_blank\" class=\"color-ultramarine c-link\" rel=\"nofollow noopener\">p\u00e9trole<\/a> russe apr\u00e8s la <a href=\"https:\/\/www.20minutes.fr\/dossier\/chine\" class=\"color-ultramarine c-link\" rel=\"nofollow noopener\" target=\"_blank\">Chine<\/a>. L\u2019\u00e9conomie russe est tr\u00e8s d\u00e9pendante des exportations d\u2019hydrocarbures, dont les revenus servent \u00e0 alimenter l\u2019assaut d\u2019ampleur lanc\u00e9 par la <a href=\"https:\/\/www.20minutes.fr\/monde\/russie\/\" class=\"color-ultramarine c-link\" rel=\"nofollow noopener\" target=\"_blank\">Russie<\/a> contre l\u2019Ukraine en\u00a02022. C\u2019est dans ce contexte \u00e9conomique que Vladimir Poutine a re\u00e7u jeudi le conseiller \u00e0 la s\u00e9curit\u00e9 nationale du Premier ministre indien, selon le <a href=\"https:\/\/www.20minutes.fr\/dossier\/kremlin\" class=\"color-ultramarine c-link\" rel=\"nofollow noopener\" target=\"_blank\">Kremlin<\/a>, une visite qui intervient apr\u00e8s que Washington a augment\u00e9 sa surtaxe sur les produits indiens en raison des achats de p\u00e9trole russe. La teneur de la discussion n\u2019a pas filtr\u00e9.<\/p>\n<p>Probl\u00e8me cependant dans ce bras de fer tripartite\u00a0: les Etats-Unis sont le premier partenaire commercial de l\u2019Inde, New Delhi exportant pour 87,4\u00a0milliards de dollars de marchandises vers le pays.<\/p>\n<\/p>\n<p>La tendance du jour<\/p>\n<p>La Russie en veut \u00e0 l\u2019Ukraine, \u00e0 l\u2019Am\u00e9rique et\u2026 \u00e0 l\u2019<a href=\"https:\/\/www.20minutes.fr\/dossier\/italie\" class=\"color-ultramarine c-link\" rel=\"nofollow noopener\" target=\"_blank\">Italie<\/a>. Oui, plus surprenant, la Botte n\u2019est pas tr\u00e8s bien vue \u00e0 Moscou. Au point que la Russie a annonc\u00e9 avoir convoqu\u00e9 le charg\u00e9 d\u2019affaires italien pour protester contre ce qu\u2019elle qualifie de \u00ab\u00a0campagne antirusse\u00a0\u00bb dans les m\u00e9dias, nouvelle escalade dans les tensions entre les deux pays.<\/p>\n<p>Cette convocation a eu lieu mardi \u00ab\u00a0en raison de la campagne antirusse incessante dans l\u2019espace m\u00e9diatique italien et de la r\u00e9action disproportionn\u00e9e de <a href=\"https:\/\/www.20minutes.fr\/dossier\/rome\" class=\"color-ultramarine c-link\" rel=\"nofollow noopener\" target=\"_blank\">Rome<\/a> face au rejet par Moscou de certaines d\u00e9clarations odieuses de hauts repr\u00e9sentants des autorit\u00e9s italiennes \u00e0 l\u2019encontre de la Russie\u00a0\u00bb, a indiqu\u00e9 le minist\u00e8re russe des Affaires \u00e9trang\u00e8res dans un communiqu\u00e9. Le minist\u00e8re a accus\u00e9 \u00e9galement des \u00ab\u00a0m\u00e9dias mainstream italiens\u00a0\u00bb de se livrer \u00e0 \u00ab\u00a0des activit\u00e9s antirusses\u00a0\u00bb et a d\u00e9nonc\u00e9 des \u00ab\u00a0attaques russophobes\u00a0\u00bb men\u00e9es avec \u00ab\u00a0le soutien complet de cercles dirigeants italiens\u00a0\u00bb.<\/p>\n","protected":false},"excerpt":{"rendered":"Vous avez rat\u00e9 les derniers \u00e9v\u00e9nements sur la guerre en Ukraine\u00a0? 20 Minutes fait le point pour vous&hellip;\n","protected":false},"author":2,"featured_media":303973,"comment_status":"","ping_status":"","sticky":false,"template":"","format":"standard","meta":{"footnotes":""},"categories":[5],"tags":[11,75,1011,27,131,5595,14,4998,74,19118,12,8013,132,135,134,28],"class_list":{"0":"post-303972","1":"post","2":"type-post","3":"status-publish","4":"format-standard","5":"has-post-thumbnail","7":"category-international","8":"tag-actualites","9":"tag-donald-trump","10":"tag-fr","11":"tag-france","12":"tag-guerre-en-ukraine","13":"tag-inde","14":"tag-international","15":"tag-kremlin","16":"tag-monde","17":"tag-new-delhi","18":"tag-news","19":"tag-russe","20":"tag-russie","21":"tag-vladimir-poutine","22":"tag-volodymyr-zelensky","23":"tag-world"},"share_on_mastodon":{"url":"https:\/\/pubeurope.com\/@fr\/114990428051924613","error":""},"_links":{"self":[{"href":"https:\/\/www.europesays.com\/fr\/wp-json\/wp\/v2\/posts\/303972","targetHints":{"allow":["GET"]}}],"collection":[{"href":"https:\/\/www.europesays.com\/fr\/wp-json\/wp\/v2\/posts"}],"about":[{"href":"https:\/\/www.europesays.com\/fr\/wp-json\/wp\/v2\/types\/post"}],"author":[{"embeddable":true,"href":"https:\/\/www.europesays.com\/fr\/wp-json\/wp\/v2\/users\/2"}],"replies":[{"embeddable":true,"href":"https:\/\/www.europesays.com\/fr\/wp-json\/wp\/v2\/comments?post=303972"}],"version-history":[{"count":0,"href":"https:\/\/www.europesays.com\/fr\/wp-json\/wp\/v2\/posts\/303972\/revisions"}],"wp:featuredmedia":[{"embeddable":true,"href":"https:\/\/www.europesays.com\/fr\/wp-json\/wp\/v2\/media\/303973"}],"wp:attachment":[{"href":"https:\/\/www.europesays.com\/fr\/wp-json\/wp\/v2\/media?parent=303972"}],"wp:term":[{"taxonomy":"category","embeddable":true,"href":"https:\/\/www.europesays.com\/fr\/wp-json\/wp\/v2\/categories?post=303972"},{"taxonomy":"post_tag","embeddable":true,"href":"https:\/\/www.europesays.com\/fr\/wp-json\/wp\/v2\/tags?post=303972"}],"curies":[{"name":"wp","href":"https:\/\/api.w.org\/{rel}","templated":true}]}}