{"id":303974,"date":"2025-08-08T00:57:10","date_gmt":"2025-08-08T00:57:10","guid":{"rendered":"https:\/\/www.europesays.com\/fr\/303974\/"},"modified":"2025-08-08T00:57:10","modified_gmt":"2025-08-08T00:57:10","slug":"il-devrait-sagir-de-la-51e-vague-de-chaleur-depuis-1947-ce-qui-nous-attend-dans-les-prochains-jours-dans-les-alpes-maritimes-et-le-var","status":"publish","type":"post","link":"https:\/\/www.europesays.com\/fr\/303974\/","title":{"rendered":"\u00ab\u00a0Il devrait s&rsquo;agir de la 51e vague de chaleur depuis\u00a01947\u00a0\u00bb: ce qui nous attend dans les prochains jours dans les Alpes-Maritimes et le Var"},"content":{"rendered":"<p>On se souvient encore tr\u00e8s bien de <a href=\"https:\/\/www.nicematin.com\/climat\/les-seuils-de-la-canicule-de-2003-depasses-deja-22-nuits-tropicales-plusieurs-records-de-chaleur-battus-on-fait-le-point-sur-la-canicule-dans-les-alpes-maritimes-992803\" target=\"_blank\" rel=\"noopener\">la vague de chaleur qui avait dur\u00e9 seize jours fin-juin d\u00e9but juillet<\/a>. <strong>La 50e de l&rsquo;histoire<\/strong>, c&rsquo;est-\u00e0-dire recens\u00e9e \u00e0 l&rsquo;\u00e9chelle nationale depuis le d\u00e9but de l&rsquo;indicateur thermique national en 1947.\u00a0<\/p>\n<p>Cet \u00e9pisode avait enregistr\u00e9\u00a0<strong>un nouveau record de canicule<\/strong>, \u00e9tabli en 1976 avec quatorze jours cons\u00e9cutifs.<\/p>\n<p>Ce chiffre pourrait-il \u00eatre battu dans les prochains jours? Une nouvelle vague est en tout cas annonc\u00e9e, avec les premiers effets qui se feront sentir \u00e0 partir de ce vendredi.\u00a0<\/p>\n<p>Les maximales atteindront les <strong>30 \u00e0 32\u00b0C dans les Alpes-Maritimes<\/strong> et <strong>de 32 \u00e0 36\u00b0C dans le Var<\/strong>.\u00a0<\/p>\n<p>              <img ci-src=\"https:\/\/www.nicematin.com\/meteo\/20250808_chaleur_0806_202508060956-fgj8mUyz.jpg?ci_seal=4c83704b93\" alt=\"\"\/><br \/>\n        Les pr\u00e9visions de ce vendredi 8 ao\u00fbt en France.  <strong>Doc M\u00e9t\u00e9o-France\/DR.<\/strong> <\/p>\n<p>                                Pas en-dessous de 20\u00b0C la nuit<\/p>\n<p>\u00ab\u00a0Dans les prochains jours, une influence anticyclonique va prendre le dessus sur la partie sud du pays. Il y aura de l&rsquo;air chaud dans les basses couches mais aussi en altitude. <strong>Des situations caniculaires sont en train de se mettre en place<\/strong>\u00ab\u00a0, annonce Fran\u00e7ois Jobard, pr\u00e9visionniste pour M\u00e9t\u00e9o-France.\u00a0<\/p>\n<p>La nuit de vendredi \u00e0 samedi devrait \u00eatre assez chaude avec <strong>des valeurs minimales autour de 20\u00b0C<\/strong> notamment sur le littoral m\u00e9diterran\u00e9en.<\/p>\n<p>\u00ab\u00a0Ces tr\u00e8s fortes chaleurs vont s&rsquo;intensifier durant le week-end samedi et dimanche\u00a0\u00bb, poursuit le sp\u00e9cialiste. Elles pourront \u00eatre accompagn\u00e9es \u00ab\u00a0d&rsquo;orages assez isol\u00e9s dans les Alpes du Sud\u00a0\u00bb.\u00a0<\/p>\n<p>Si le littoral m\u00e9diterran\u00e9en sera dans un premier temps relativement \u00ab\u00a0\u00e9pargn\u00e9 par les chaleurs les plus marqu\u00e9es\u00a0\u00bb du fait de \u00ab\u00a0l&rsquo;influence de la brise\u00a0\u00bb, cette situation devrait s&rsquo;arr\u00eater dimanche.\u00a0\u00a0<\/p>\n<p>On peut donc s&rsquo;attendre \u00e0 <strong>une \u00ab\u00a0intensification des tr\u00e8s fortes chaleurs\u00a0\u00bb<\/strong>, compris en bord de mer <strong>en d\u00e9but de semaine prochaine<\/strong>.\u00a0<\/p>\n<p>              <img ci-src=\"https:\/\/www.nicematin.com\/meteo\/AFP_68V76BX-iFVzQCdj.jpg?vh=8fb0ae&amp;ci_seal=2ea1afaaf2\" alt=\"\"\/><br \/>\n        Alors que l&rsquo;incendie dans l&rsquo;Aude a parcouru 17.000 hectares,\u00a0la responsable assistance feux du Sud-Ouest Charlotte Couture rappelle que quand on atteint les 40\u00b0C, le risque d&rsquo;incendie est \u00e9norme. <strong>Photo IDRISS BIGOU-GILLES\/AFP.<\/strong> <\/p>\n<p>                                \u00ab\u00a0Quand on atteint les 40\u00b0C, le risque d&rsquo;incendie est \u00e9norme\u00a0\u00bb<\/p>\n<p>Du c\u00f4t\u00e9 de la vigilance, <strong>les Alpes-Maritimes et le Var seront en vert ce vendredi<\/strong>, confirmant la relative douceur annonc\u00e9e jusqu&rsquo;\u00e0 dimanche sur le littoral m\u00e9diterran\u00e9en.\u00a0<\/p>\n<p>Alors que <a href=\"https:\/\/www.nicematin.com\/faits-divers\/16000-hectares-ravages-dans-l-aude-les-images-au-troisieme-jour-du-plus-gros-incendie-de-l-ete-en-france-997182\" target=\"_blank\" rel=\"noopener\">l&rsquo;incendie dans l&rsquo;Aude<\/a> a parcouru 17.000 hectares,\u00a0la responsable assistance feux du Sud-Ouest Charlotte Couture rappelle que <strong>quand on atteint les 40\u00b0C, le risque d&rsquo;incendie est \u00e9norme<\/strong>. \u00ab\u00a0Il y a des risques tr\u00e8s forts d&rsquo;\u00e9closion, et ce, m\u00eame dans les zones o\u00f9 il n&rsquo;y a pas un danger tr\u00e8s \u00e9lev\u00e9.\u00a0\u00bb<\/p>\n<p>S&rsquo;il est beaucoup trop t\u00f4t pour caract\u00e9riser la vague de chaleur qui nous attend, les sp\u00e9cialistes de M\u00e9t\u00e9o-France sont \u00ab\u00a0tr\u00e8s confiants\u00a0\u00bb sur le fait qu&rsquo;<strong>il devrait s&rsquo;agir de la 51e depuis\u00a01947<\/strong>. \u00ab\u00a0On ne peut pas encore s&rsquo;avancer sur la dur\u00e9e et le pic d&rsquo;intensit\u00e9 et il va falloir attendre pour pouvoir la comparer \u00e0 celle de fin juin\/d\u00e9but juillet\u00a0\u00bb, indique Lauriane Batt\u00e9, climatologue. \u00c0 ce stade, les pr\u00e9visions \u00e9voquent des fortes chaleurs qui dureront au moins jusqu&rsquo;\u00e0 jeudi prochain.\u00a0<\/p>\n<p>            Les gestes \u00e0 adopter en cas de fortes chaleurs:\u00a0<\/p>\n<p>&#8211; Restez au frais (chez vous ou dans un lieu rafra\u00eechi)<br \/>&#13;<br \/>\n&#8211; Buvez de l\u2019eau (sans attendre d\u2019avoir soif)<br \/>&#13;<br \/>\n&#8211; Mouillez-vous le corps<br \/>&#13;<br \/>\n&#8211; Fermez les volets et fen\u00eatres le jour, a\u00e9rez la nuit<br \/>&#13;<br \/>\n&#8211; Privil\u00e9giez les activit\u00e9s douces et sans effort<br \/>&#13;<br \/>\n&#8211; Mangez frais, \u00e9quilibr\u00e9 et en quantit\u00e9 suffisante<br \/>&#13;<br \/>\n&#8211; \u00c9vitez l\u2019alcool<br \/>&#13;<br \/>\n&#8211; Prenez des nouvelles de vos proches et des plus fragiles<br \/>&#13;<br \/>\n&#8211; En cas de malaise, appelez le 15<\/p>\n","protected":false},"excerpt":{"rendered":"On se souvient encore tr\u00e8s bien de la vague de chaleur qui avait dur\u00e9 seize jours fin-juin d\u00e9but&hellip;\n","protected":false},"author":2,"featured_media":303975,"comment_status":"","ping_status":"","sticky":false,"template":"","format":"standard","meta":{"footnotes":""},"categories":[4],"tags":[11,1129,436,1011,27,2487,12,25],"class_list":{"0":"post-303974","1":"post","2":"type-post","3":"status-publish","4":"format-standard","5":"has-post-thumbnail","7":"category-france","8":"tag-actualites","9":"tag-climat","10":"tag-environnement","11":"tag-fr","12":"tag-france","13":"tag-meteo","14":"tag-news","15":"tag-republique-francaise"},"share_on_mastodon":{"url":"https:\/\/pubeurope.com\/@fr\/114990432002932799","error":""},"_links":{"self":[{"href":"https:\/\/www.europesays.com\/fr\/wp-json\/wp\/v2\/posts\/303974","targetHints":{"allow":["GET"]}}],"collection":[{"href":"https:\/\/www.europesays.com\/fr\/wp-json\/wp\/v2\/posts"}],"about":[{"href":"https:\/\/www.europesays.com\/fr\/wp-json\/wp\/v2\/types\/post"}],"author":[{"embeddable":true,"href":"https:\/\/www.europesays.com\/fr\/wp-json\/wp\/v2\/users\/2"}],"replies":[{"embeddable":true,"href":"https:\/\/www.europesays.com\/fr\/wp-json\/wp\/v2\/comments?post=303974"}],"version-history":[{"count":0,"href":"https:\/\/www.europesays.com\/fr\/wp-json\/wp\/v2\/posts\/303974\/revisions"}],"wp:featuredmedia":[{"embeddable":true,"href":"https:\/\/www.europesays.com\/fr\/wp-json\/wp\/v2\/media\/303975"}],"wp:attachment":[{"href":"https:\/\/www.europesays.com\/fr\/wp-json\/wp\/v2\/media?parent=303974"}],"wp:term":[{"taxonomy":"category","embeddable":true,"href":"https:\/\/www.europesays.com\/fr\/wp-json\/wp\/v2\/categories?post=303974"},{"taxonomy":"post_tag","embeddable":true,"href":"https:\/\/www.europesays.com\/fr\/wp-json\/wp\/v2\/tags?post=303974"}],"curies":[{"name":"wp","href":"https:\/\/api.w.org\/{rel}","templated":true}]}}