{"id":303980,"date":"2025-08-08T01:03:12","date_gmt":"2025-08-08T01:03:12","guid":{"rendered":"https:\/\/www.europesays.com\/fr\/303980\/"},"modified":"2025-08-08T01:03:12","modified_gmt":"2025-08-08T01:03:12","slug":"pronostic-rodez-aveyron-nancy-ligue-2","status":"publish","type":"post","link":"https:\/\/www.europesays.com\/fr\/303980\/","title":{"rendered":"Pronostic Rodez Aveyron Nancy &#8211; Ligue 2"},"content":{"rendered":"<p class=\"text-xs leading-5 text-gray-400 mb-2\">\n                        Publi\u00e9 le 07\/08\/2025 11:00<br \/>\n                        \u00a0par<br \/>\n                                                            <a href=\"https:\/\/www.sportytrader.com\/auteur\/steeven-occhipinti-1\/\" target=\"_blank\" rel=\"noopener\">Steeven Occhipinti<\/a><\/p>\n<p>                                                                                                            dans<br \/>\n                                <a data-trans=\"tips.published.competition %competition%\" href=\"https:\/\/www.sportytrader.com\/pronostics\/football\/france\/ligue-2-124\/\" target=\"_blank\" rel=\"noopener\"><br \/>\n                                    Pronostic Ligue 2<br \/>\n                                <\/a><\/p>\n<p style=\"text-align: justify;\">La nouvelle \u00e9dition de la Ligue 2 donne son coup d&rsquo;envoi ce week-end ! Parmi les affiches de la 1re journ\u00e9e, le Rodez AF va recevoir l&rsquo;AS Nancy-Lorraine au Stade Paul-Lignon, ce samedi \u00e0 20h00. Les locaux ont longtemps trembl\u00e9 lors du dernier exercice, alors qu&rsquo;ils n&rsquo;ont termin\u00e9 qu&rsquo;\u00e0 la 14e place de la deuxi\u00e8me division tricolore. Ils pensaient refaire le plein de confiance durant la pr\u00e9paration estivale, en se lan\u00e7ant avec 2 succ\u00e8s. Le club ruth\u00e9nois est toutefois tomb\u00e9 lors de ses 3 matchs suivants. L&rsquo;\u00e9quipe entra\u00een\u00e9e par Didier Santini d\u00e9bute en championnat avec la r\u00e9ception d&rsquo;un promu.<\/p>\n<p style=\"text-align: justify;\">Gr\u00e2ce \u00e0 un dernier exercice tr\u00e8s convaincant, l&rsquo;AS Nancy-Lorraine n&rsquo;a eu aucun mal \u00e0 remporter le National 1. Un sacre qui lui permet de retrouver la deuxi\u00e8me division tricolore. Le club nanc\u00e9ien esp\u00e8re d\u00e9sormais s&rsquo;y maintenir. La t\u00e2che ne sera pas facile, mais il garde tout de m\u00eame de solides arguments. Les hommes de Pablo Correa veulent surfer sur leur belle pr\u00e9paration estivale, avec 3 succ\u00e8s en 5 matchs. Ils n&rsquo;avaient d&rsquo;ailleurs pas perdu lors des 9 ultimes journ\u00e9es de National 1, la saison pass\u00e9e. Ils feront tout pour poursuivre cette belle s\u00e9rie, en obtenant un excellent r\u00e9sultat pour leur grand retour en Ligue 2.<\/p>\n","protected":false},"excerpt":{"rendered":"Publi\u00e9 le 07\/08\/2025 11:00 \u00a0par Steeven Occhipinti dans Pronostic Ligue 2 La nouvelle \u00e9dition de la Ligue 2&hellip;\n","protected":false},"author":2,"featured_media":303981,"comment_status":"","ping_status":"","sticky":false,"template":"","format":"standard","meta":{"footnotes":""},"categories":[9635],"tags":[1111,11,1777,674,1011,27,775,446,1702,12,1817,1821,25,44398],"class_list":{"0":"post-303980","1":"post","2":"type-post","3":"status-publish","4":"format-standard","5":"has-post-thumbnail","7":"category-nancy","8":"tag-actu","9":"tag-actualites","10":"tag-eu","11":"tag-europe","12":"tag-fr","13":"tag-france","14":"tag-grand-est","15":"tag-ligue-2","16":"tag-nancy","17":"tag-news","18":"tag-pronostic","19":"tag-pronostics","20":"tag-republique-francaise","21":"tag-rodez-aveyron"},"share_on_mastodon":{"url":"https:\/\/pubeurope.com\/@fr\/114990455511829261","error":""},"_links":{"self":[{"href":"https:\/\/www.europesays.com\/fr\/wp-json\/wp\/v2\/posts\/303980","targetHints":{"allow":["GET"]}}],"collection":[{"href":"https:\/\/www.europesays.com\/fr\/wp-json\/wp\/v2\/posts"}],"about":[{"href":"https:\/\/www.europesays.com\/fr\/wp-json\/wp\/v2\/types\/post"}],"author":[{"embeddable":true,"href":"https:\/\/www.europesays.com\/fr\/wp-json\/wp\/v2\/users\/2"}],"replies":[{"embeddable":true,"href":"https:\/\/www.europesays.com\/fr\/wp-json\/wp\/v2\/comments?post=303980"}],"version-history":[{"count":0,"href":"https:\/\/www.europesays.com\/fr\/wp-json\/wp\/v2\/posts\/303980\/revisions"}],"wp:featuredmedia":[{"embeddable":true,"href":"https:\/\/www.europesays.com\/fr\/wp-json\/wp\/v2\/media\/303981"}],"wp:attachment":[{"href":"https:\/\/www.europesays.com\/fr\/wp-json\/wp\/v2\/media?parent=303980"}],"wp:term":[{"taxonomy":"category","embeddable":true,"href":"https:\/\/www.europesays.com\/fr\/wp-json\/wp\/v2\/categories?post=303980"},{"taxonomy":"post_tag","embeddable":true,"href":"https:\/\/www.europesays.com\/fr\/wp-json\/wp\/v2\/tags?post=303980"}],"curies":[{"name":"wp","href":"https:\/\/api.w.org\/{rel}","templated":true}]}}