{"id":303985,"date":"2025-08-08T01:11:36","date_gmt":"2025-08-08T01:11:36","guid":{"rendered":"https:\/\/www.europesays.com\/fr\/303985\/"},"modified":"2025-08-08T01:11:36","modified_gmt":"2025-08-08T01:11:36","slug":"visite-de-lhotel-des-troupes-de-montagne-hotel-des-troupes-de-montagne-grenoble-20-septembre-2025","status":"publish","type":"post","link":"https:\/\/www.europesays.com\/fr\/303985\/","title":{"rendered":"Visite de l\u2019H\u00f4tel des Troupes de montagne H\u00f4tel des troupes de montagne Grenoble 20 septembre 2025"},"content":{"rendered":"\n<p><img loading=\"lazy\" width=\"700\" height=\"340\" src=\"https:\/\/www.europesays.com\/fr\/wp-content\/uploads\/2025\/08\/hotel-des-troupes-de-montagne-grenoble-2025-09-20t100000.jpg\" alt=\"Visite de l'H\u00f4tel des Troupes de montagne H\u00f4tel des troupes de montagne Grenoble\" decoding=\"async\"  \/><\/p>\n<p>\t\t<strong>Visite de l\u2019H\u00f4tel des Troupes de montagne H\u00f4tel des troupes de montagne Grenoble samedi 20 septembre 2025.<\/strong> <\/p>\n<p>Visite de l\u2019H\u00f4tel des Troupes de montagne 20 et 21 septembre H\u00f4tel des troupes de montagne Is\u00e8re<\/p>\n<p>Gratuit et sans r\u00e9servation, sur pr\u00e9sentation d\u2019une pi\u00e8ce d\u2019identit\u00e9.<\/p>\n<p>Dates et horaires de d\u00e9but et de fin (ann\u00e9e \u2013 mois \u2013 jour \u2013 heure) :<br \/>D\u00e9but : 2025-09-20T10:00:00 \u2013 2025-09-20T17:00:00<br \/>Fin : 2025-09-21T10:00:00 \u2013 2025-09-21T17:00:00<\/p>\n<p>A l\u2019occasion des Journ\u00e9es Europ\u00e9ennes du Patrimoine, l\u2019H\u00f4tel des Troupes de montagne ouvre ses portes au public. Un personnel du mus\u00e9e assurera l\u2019accueil dans les salons et \u00e9voquera l\u2019histoire et l\u2019architecture de l\u2019H\u00f4tel.<br \/>Plusieurs unit\u00e9s de la 27e brigade d\u2019infanterie de montagne seront pr\u00e9sentes sur l\u2019\u00e9v\u00e8nement et pr\u00e9senteront \u00e0 cette occasion leur \u00e9quipement aux visiteurs.<br \/>Le grand salon accueillera une petite exposition pr\u00e9sentant des aquarelles de COMBA et RAMBAUD, acquisions r\u00e9\u00e7entes du mus\u00e9e des Troupes de montagne.<\/p>\n<p>H\u00f4tel des troupes de montagne 5 place de Verdun, 38000 Grenoble Grenoble 38000  Is\u00e8re Auvergne-Rh\u00f4ne-Alpes 04 38 37 44 06       Construit sous Napol\u00e9on III, voulu comme la repr\u00e9sentation du pouvoir imp\u00e9rial et militaire \u00e0 Grenoble, cet h\u00f4tel particulier est caract\u00e9ristique de son \u00e9poque, dont il a gard\u00e9 tous les d\u00e9cors d\u2019origine.<br \/>A l\u2019occasion des Journ\u00e9es Europ\u00e9ennes du Patrimoine, l\u2019H\u00f4tel des Troupes de montagne ouvre ses portes au public. Un personnel du mus\u00e9e assurera l\u2019accueil dans les salons et \u00e9voquera l\u2019histoire et de \u2026  <\/p>\n<p>\u00a9Mus\u00e9e des Troupes de montagne<\/p>\n","protected":false},"excerpt":{"rendered":"Visite de l\u2019H\u00f4tel des Troupes de montagne H\u00f4tel des troupes de montagne Grenoble samedi 20 septembre 2025. Visite&hellip;\n","protected":false},"author":2,"featured_media":303986,"comment_status":"","ping_status":"","sticky":false,"template":"","format":"standard","meta":{"footnotes":""},"categories":[9566],"tags":[1111,11,2430,1777,674,1011,27,2731,12,25],"class_list":{"0":"post-303985","1":"post","2":"type-post","3":"status-publish","4":"format-standard","5":"has-post-thumbnail","7":"category-grenoble","8":"tag-actu","9":"tag-actualites","10":"tag-auvergne-rhone-alpes","11":"tag-eu","12":"tag-europe","13":"tag-fr","14":"tag-france","15":"tag-grenoble","16":"tag-news","17":"tag-republique-francaise"},"share_on_mastodon":{"url":"https:\/\/pubeurope.com\/@fr\/114990486999696307","error":""},"_links":{"self":[{"href":"https:\/\/www.europesays.com\/fr\/wp-json\/wp\/v2\/posts\/303985","targetHints":{"allow":["GET"]}}],"collection":[{"href":"https:\/\/www.europesays.com\/fr\/wp-json\/wp\/v2\/posts"}],"about":[{"href":"https:\/\/www.europesays.com\/fr\/wp-json\/wp\/v2\/types\/post"}],"author":[{"embeddable":true,"href":"https:\/\/www.europesays.com\/fr\/wp-json\/wp\/v2\/users\/2"}],"replies":[{"embeddable":true,"href":"https:\/\/www.europesays.com\/fr\/wp-json\/wp\/v2\/comments?post=303985"}],"version-history":[{"count":0,"href":"https:\/\/www.europesays.com\/fr\/wp-json\/wp\/v2\/posts\/303985\/revisions"}],"wp:featuredmedia":[{"embeddable":true,"href":"https:\/\/www.europesays.com\/fr\/wp-json\/wp\/v2\/media\/303986"}],"wp:attachment":[{"href":"https:\/\/www.europesays.com\/fr\/wp-json\/wp\/v2\/media?parent=303985"}],"wp:term":[{"taxonomy":"category","embeddable":true,"href":"https:\/\/www.europesays.com\/fr\/wp-json\/wp\/v2\/categories?post=303985"},{"taxonomy":"post_tag","embeddable":true,"href":"https:\/\/www.europesays.com\/fr\/wp-json\/wp\/v2\/tags?post=303985"}],"curies":[{"name":"wp","href":"https:\/\/api.w.org\/{rel}","templated":true}]}}