{"id":303987,"date":"2025-08-08T01:12:29","date_gmt":"2025-08-08T01:12:29","guid":{"rendered":"https:\/\/www.europesays.com\/fr\/303987\/"},"modified":"2025-08-08T01:12:29","modified_gmt":"2025-08-08T01:12:29","slug":"spectacle-expo-balades-au-frais-nos-coups-de-coeur-ce-jeudi-7-aout-a-rennes-sport-maville-com-rennes","status":"publish","type":"post","link":"https:\/\/www.europesays.com\/fr\/303987\/","title":{"rendered":"Spectacle, expo, balades au frais\u2026 Nos coups de c\u0153ur ce jeudi 7 ao\u00fbt \u00e0 Rennes . Sport &#8211; MaVille.com &#8211; Rennes"},"content":{"rendered":"<ol>\n<li><a href=\"https:\/\/news.google.com\/rss\/articles\/CBMi2AFBVV95cUxNYVJDTkM1NGZVMHUtVndXRFhiT0E0SVh0elU3Y3V4UlZKZThybTBCS3AyNG02czR1cE1uNTVHVE40aldzWm1MNG1Gc2xmaHA2RWxOb0FSYXlWVXNScUZYVThXZF8zdG9ZcWZBbVNVUnRaRW1reEtFTDBHVndHQkRuRm83aU1Bdl9XZ3BCd01UZW01LThwY1VidFZsS0hZS0l4Vzh0VDIzeDR6MUpRcVlaMGpmQ0FhZ2V4Vnp2UUZJa2ZTYW9XZDVlOEhVNFhhWG5KeXdXLWluLXA?oc=5\" target=\"_blank\" rel=\"noopener\">Spectacle, expo, balades au frais\u2026 Nos coups de c\u0153ur ce jeudi 7 ao\u00fbt \u00e0 Rennes . Sport<\/a>&nbsp;&nbsp;MaVille.com &#8211; Rennes<\/li>\n<li><a href=\"https:\/\/news.google.com\/rss\/articles\/CBMi8AFBVV95cUxQWlhqMFlLbVdtZWp0M2VtM0NwVUtuNGdFM3RiM2Y4OU91cW0tdDJJSmJpT0RmNUdDZkJoVE44dHlKX3hjOHU4QzFHNDhrTWlvOGNHTllxaFBQTU40Y2ZUZTRzS29Wc2tjRFFuS1Azb29USi1pSndSdFdFZkx6d2p2amsyLWFBUWt0LUxpLWpMZG5CdzR1cnFqSXRTSUNCdnVsMUk3Wm40T0J2bjY2czhMTDhTX0ZXbGhTY0dZMDJxd0c3Z2U4Z1FPcUVxSFFQUWVucHJfUmdQRXJ5OGJkdE1PNWlDeTFOUzBJQ2NSSlBTSFI?oc=5\" target=\"_blank\" rel=\"noopener\">Concerts, chants, mus\u00e9es gratuits, chasse aux tampons\u2026 Nos coups de c\u0153ur ce week-end \u00e0 Rennes<\/a>&nbsp;&nbsp;MSN<\/li>\n<li><a href=\"https:\/\/news.google.com\/rss\/articles\/CBMi3gFBVV95cUxQekhNSEF1azVVRnRDLTcxRk83X3Vzajd4MzNLZC1EeVlzd1NVWEFOS0hpQkhjSWxvc2E3b21zMGhYZDJfdGZTb1FoeEZtTTRhbWhMQTFZWmlNM1AtZHBaRlh5bEItbUwzY0Y5dHhhVHZQSURIa1lIX1hvbHA5bmlpR0JSUHROeUt4VG0xSEZZMW9pWm1jZV85OXhWeXczMmdvUW90Nks4RVllb2ZzXzZlTEwzRTdyTUlKLUhGY2Q0Mlh6MURIYndZSk1nWmRILU5fd0RVdmpVSElSZGNjRHc?oc=5\" target=\"_blank\" rel=\"noopener\">Comment d\u00e9marrer le mois d&rsquo;ao\u00fbt en beaut\u00e9 ? Voici 13 id\u00e9es sorties \u00e0 faire \u00e0 Rennes ce week-end<\/a>&nbsp;&nbsp;Actu.fr<\/li>\n<li><a href=\"https:\/\/news.google.com\/rss\/articles\/CBMie0FVX3lxTE9jMHduYTBWWnZzZUtwWGctX0hSX2VhSzRpSW9kZVdqYXc0TnROSnZyQml3TnFQSWNOakxGMWZ3SVdDSVBxSWppQXhlM2RMdF9YSHRZRXRCQS1LdDc3Smg3X0lUUkNRbHZOdDBvWWJ1R0xhLU5pRGFjSy1iQQ?oc=5\" target=\"_blank\" rel=\"noopener\">Que faire ce week-end \u00e0 Rennes ?<\/a>&nbsp;&nbsp;Rennes Info Autrement<\/li>\n<\/ol>\n","protected":false},"excerpt":{"rendered":"Spectacle, expo, balades au frais\u2026 Nos coups de c\u0153ur ce jeudi 7 ao\u00fbt \u00e0 Rennes . Sport&nbsp;&nbsp;MaVille.com &#8211;&hellip;\n","protected":false},"author":2,"featured_media":303988,"comment_status":"","ping_status":"","sticky":false,"template":"","format":"standard","meta":{"footnotes":""},"categories":[2821],"tags":[1111,11,3809,1465,829,1777,674,63,1011,27,1792,1922,12,584,25,479,517,1470],"class_list":{"0":"post-303987","1":"post","2":"type-post","3":"status-publish","4":"format-standard","5":"has-post-thumbnail","7":"category-rennes","8":"tag-actu","9":"tag-actualites","10":"tag-ball","11":"tag-basket","12":"tag-bretagne","13":"tag-eu","14":"tag-europe","15":"tag-football","16":"tag-fr","17":"tag-france","18":"tag-handball","19":"tag-info","20":"tag-news","21":"tag-rennes","22":"tag-republique-francaise","23":"tag-rugby","24":"tag-sport","25":"tag-volley"},"share_on_mastodon":{"url":"https:\/\/pubeurope.com\/@fr\/114990490800329650","error":""},"_links":{"self":[{"href":"https:\/\/www.europesays.com\/fr\/wp-json\/wp\/v2\/posts\/303987","targetHints":{"allow":["GET"]}}],"collection":[{"href":"https:\/\/www.europesays.com\/fr\/wp-json\/wp\/v2\/posts"}],"about":[{"href":"https:\/\/www.europesays.com\/fr\/wp-json\/wp\/v2\/types\/post"}],"author":[{"embeddable":true,"href":"https:\/\/www.europesays.com\/fr\/wp-json\/wp\/v2\/users\/2"}],"replies":[{"embeddable":true,"href":"https:\/\/www.europesays.com\/fr\/wp-json\/wp\/v2\/comments?post=303987"}],"version-history":[{"count":0,"href":"https:\/\/www.europesays.com\/fr\/wp-json\/wp\/v2\/posts\/303987\/revisions"}],"wp:featuredmedia":[{"embeddable":true,"href":"https:\/\/www.europesays.com\/fr\/wp-json\/wp\/v2\/media\/303988"}],"wp:attachment":[{"href":"https:\/\/www.europesays.com\/fr\/wp-json\/wp\/v2\/media?parent=303987"}],"wp:term":[{"taxonomy":"category","embeddable":true,"href":"https:\/\/www.europesays.com\/fr\/wp-json\/wp\/v2\/categories?post=303987"},{"taxonomy":"post_tag","embeddable":true,"href":"https:\/\/www.europesays.com\/fr\/wp-json\/wp\/v2\/tags?post=303987"}],"curies":[{"name":"wp","href":"https:\/\/api.w.org\/{rel}","templated":true}]}}