{"id":303989,"date":"2025-08-08T01:14:26","date_gmt":"2025-08-08T01:14:26","guid":{"rendered":"https:\/\/www.europesays.com\/fr\/303989\/"},"modified":"2025-08-08T01:14:26","modified_gmt":"2025-08-08T01:14:26","slug":"a-quoi-sattendre-en-bretagne-ces-dix-prochains-jours","status":"publish","type":"post","link":"https:\/\/www.europesays.com\/fr\/303989\/","title":{"rendered":"\u00c0 quoi s&rsquo;attendre en Bretagne ces dix prochains jours ?"},"content":{"rendered":"<p class=\"article__intro\">D\u00e8s le jeudi 7 ao\u00fbt, la France va conna\u00eetre une nouvelle vague de chaleur avoisinant les 40 degr\u00e9s, selon les d\u00e9partements. Si le seuil d&rsquo;alerte canicule est d&rsquo;ores et d\u00e9j\u00e0 envisag\u00e9 pour 14 d&rsquo;entre eux ces prochains jours, qu&rsquo;en est-il des d\u00e9partements bretons ?<\/p>\n<p>\n      L\u2019actu des r\u00e9gions\n    <\/p>\n<p>\n      Chaque jour, un tour d\u2019horizon des principales infos de toutes les r\u00e9gions.\n    <\/p>\n<p>    France T\u00e9l\u00e9visions utilise votre adresse e-mail afin de vous envoyer la newsletter \u00ab\u00a0L\u2019actu des r\u00e9gions\u00a0\u00bb. Vous pouvez vous d\u00e9sinscrire \u00e0 tout moment via le lien en bas de cette newsletter. <a target=\"_blank\" href=\"https:\/\/www.francetelevisions.fr\/groupe\/confidentialite\/politique-de-confidentialite\/politique-de-confidentialite-de-france-televisions-6503\" rel=\"nofollow noopener\">Notre politique de confidentialit\u00e9<\/a><\/p>\n<p>Apr\u00e8s 17 jours de temp\u00e9ratures dans les normales de saison, la France s&rsquo;appr\u00eate \u00e0 nouveau \u00e0 entrer dans une vague de fortes chaleurs, d\u00e8s le jeudi 7 ao\u00fbt. On va d\u00e9passer par endroits le seuil des 40 degr\u00e9s en journ\u00e9e, et celui des 20 degr\u00e9s la nuit, le seuil d&rsquo;alerte canicule courament consid\u00e9r\u00e9. Si le Sud-Ouest est particuli\u00e8rement concern\u00e9, qu&rsquo;en est-il de la Bretagne ?<\/p>\n<p>\u00ab\u00a0En d\u00e9but de semaine, la chaleur s\u2019installe dans le sud du pays avec des valeurs estivales, sans exc\u00e8s marqu\u00e9, <a target=\"_blank\" rel=\"noopener nofollow\" href=\"https:\/\/actualite.lachainemeteo.com\/actualite-meteo\/2025-08-04\/vague-de-chaleur-vers-une-alerte-canicule-en-fin-de-semaine-80255\">indique La Cha\u00eene M\u00e9t\u00e9o<\/a>. Plus au nord, le vent de nord-ouest maintient des temp\u00e9ratures encore tr\u00e8s temp\u00e9r\u00e9es.\u00a0\u00bb Notamment en Bretagne o\u00f9 les temp\u00e9ratures en journ\u00e9e sont comprises entre 20 degr\u00e9s \u00e0 Lannion et 26 degr\u00e9s \u00e0 Vannes, le mercredi 6 ao\u00fbt.<\/p>\n<p><a data-article-figure=\"\" href=\"https:\/\/france3-regions.franceinfo.fr\/image\/z_wBeG3DUMPdDq5w5sr7kJKY6mI\/658x370\/regions\/2025\/08\/05\/658x370-80-300-000000x30x0-689224921a7a8142271567.jpg\" data-pswp-width=\"658\" data-pswp-height=\"370\" target=\"_blank\" rel=\"nofollow noopener\"><\/p>\n<p>          <img width=\"600\" height=\"400\" class=\"article-image lazy\" data-src=\"https:\/\/www.europesays.com\/fr\/wp-content\/uploads\/2025\/08\/658x370-80-300-000000x30x0-689224921a7a8142271567.jpg\" alt=\"Une vague de chaleur durable s'\u00e9tend sur la France \u00e0 partir du jeudi 7 ao\u00fbt. \" fetchpriority=\"high\" as=\"image\"\/><\/p>\n<p>\n            Une vague de chaleur durable s&rsquo;\u00e9tend sur la France \u00e0 partir du jeudi 7 ao\u00fbt.<br \/>\n                           \u2022<br \/>\n                                      \u00a9 La Cha\u00eene M\u00e9t\u00e9o\n                      <\/p>\n<p><\/a><\/p>\n<p>\u00ab\u00a0Depuis le sud, la chaleur gagne ensuite le centre du pays \u00e0 partir de jeudi, avec des temp\u00e9ratures allant jusqu&rsquo;\u00e0 35 degr\u00e9s dans les terres\u00a0\u00bb, indique la Chaine m\u00e9t\u00e9o. En Bretagne, la journ\u00e9e du jeudi 7 ao\u00fbt enregistre des temp\u00e9ratures entre 21 degr\u00e9s \u00e0 Brest et 29 degr\u00e9s \u00e0 Rennes. Des temp\u00e9ratures qui n&rsquo;\u00e9voluent pas pour les journ\u00e9es du vendredi 8 et samedi 9 ao\u00fbt, d&rsquo;apr\u00e8s les pr\u00e9visions du m\u00e9dia m\u00e9t\u00e9orologique.<\/p>\n<p>En Bretagne, les temp\u00e9ratures d\u00e9passent le seuil des 30 degr\u00e9s en journ\u00e9e \u00e0 partir du dimanche 10 ao\u00fbt. La Cha\u00eene M\u00e9t\u00e9o indique 32 degr\u00e9s \u00e0 Rennes, 31 degr\u00e9s \u00e0 Pontivy et 30 degr\u00e9s \u00e0 Vannes, le Finist\u00e8re et les C\u00f4tes-d&rsquo;Armor restant \u00e9pargn\u00e9s avec des temp\u00e9ratures comprises entre 24 et 27 degr\u00e9s dans l&rsquo;apr\u00e8s-midi.<\/p>\n<p>Pass\u00e9 le dimanche 10 ao\u00fbt, les temp\u00e9ratures repassent l\u00e9g\u00e8rement sous la barre des 30 degr\u00e9s et ce, pendant une semaine jusqu&rsquo;au dimanche 17 ao\u00fbt. En Bretagne, les temp\u00e9ratures les plus \u00e9lev\u00e9es sont concentr\u00e9es autour de Rennes, avec un pic atteignant les 31 degr\u00e9s le jeudi 14 ao\u00fbt.<\/p>\n<p><a data-article-figure=\"\" href=\"https:\/\/france3-regions.franceinfo.fr\/image\/6ImB6GApCX5TREn5p-vZVcMKWdU\/685x683\/regions\/2025\/08\/05\/meteo-68922722a70a7525077846.png\" data-pswp-width=\"685\" data-pswp-height=\"683\" target=\"_blank\" rel=\"nofollow noopener\"><\/p>\n<p>          <img width=\"600\" height=\"400\" class=\"article-image lazy\" data-src=\"https:\/\/www.europesays.com\/fr\/wp-content\/uploads\/2025\/08\/meteo-68922722a70a7525077846.png\" alt=\"La semaine du lundi 11 au dimanche 17 ao\u00fbt enregistre des temp\u00e9ratures plus basses, avec un pic toutefois marqu\u00e9 le jeudi 14 ao\u00fbt dans l'apr\u00e8s-midi.\" fetchpriority=\"high\" as=\"image\"\/><\/p>\n<p>\n            La semaine du lundi 11 au dimanche 17 ao\u00fbt enregistre des temp\u00e9ratures plus basses, avec un pic toutefois marqu\u00e9 le jeudi 14 ao\u00fbt dans l&rsquo;apr\u00e8s-midi.<br \/>\n                           \u2022<br \/>\n                                      \u00a9 La Cha\u00eene M\u00e9t\u00e9o\n                      <\/p>\n<p><\/a><\/p>\n<p>\u00c0 l&rsquo;inverse, les temp\u00e9ratures r\u00e9gionales minimales sont enregistr\u00e9es aux alentours de Lannion, dans les C\u00f4tes-d&rsquo;Armor, avec des journ\u00e9es marqu\u00e9es \u00e0 24 degr\u00e9s au plus chaud les mercredi 13, jeudi 14 et vendredi 15 ao\u00fbt. Pour le sud Finist\u00e8re, \u00e0 Quimper, les temp\u00e9ratures oscillent entre 23 et 27 degr\u00e9s \u00e0 partir du lundi 11 ao\u00fbt jusqu&rsquo;au dimanche 17 ao\u00fbt.<\/p>\n<p>\u00ab\u00a0En r\u00e9sum\u00e9, le temps restera tr\u00e8s estival, chaud et ensoleill\u00e9 pour les vacanciers jusqu&rsquo;\u00e0 la mi-ao\u00fbt\u00a0\u00bb, indique La Cha\u00eene M\u00e9t\u00e9o. Des sc\u00e9narios sugg\u00e8rent toutefois la possibilit\u00e9 d\u2019un nouvel \u00e9pisode de fortes chaleurs \u00e0 partir de la mi-ao\u00fbt, \u00ab\u00a0aliment\u00e9 par une dorsale subtropicale persistante sur l\u2019Europe\u00a0\u00bb, poursuit le m\u00e9dia m\u00e9t\u00e9orologique.<\/p>\n<p>Avec ces temp\u00e9ratures sur dix jours, la Bretagne n&rsquo;est donc pas directement concern\u00e9e par le risque canicule, contrairement au sud du pays, mais elle conna\u00eet une hausse des temp\u00e9ratures, notamment jusqu&rsquo;au dimanche 10 ao\u00fbt.<\/p>\n","protected":false},"excerpt":{"rendered":"D\u00e8s le jeudi 7 ao\u00fbt, la France va conna\u00eetre une nouvelle vague de chaleur avoisinant les 40 degr\u00e9s,&hellip;\n","protected":false},"author":2,"featured_media":303990,"comment_status":"","ping_status":"","sticky":false,"template":"","format":"standard","meta":{"footnotes":""},"categories":[2821],"tags":[1111,11,829,1777,674,1011,27,12,584,25],"class_list":{"0":"post-303989","1":"post","2":"type-post","3":"status-publish","4":"format-standard","5":"has-post-thumbnail","7":"category-rennes","8":"tag-actu","9":"tag-actualites","10":"tag-bretagne","11":"tag-eu","12":"tag-europe","13":"tag-fr","14":"tag-france","15":"tag-news","16":"tag-rennes","17":"tag-republique-francaise"},"share_on_mastodon":{"url":"https:\/\/pubeurope.com\/@fr\/114990498731092776","error":""},"_links":{"self":[{"href":"https:\/\/www.europesays.com\/fr\/wp-json\/wp\/v2\/posts\/303989","targetHints":{"allow":["GET"]}}],"collection":[{"href":"https:\/\/www.europesays.com\/fr\/wp-json\/wp\/v2\/posts"}],"about":[{"href":"https:\/\/www.europesays.com\/fr\/wp-json\/wp\/v2\/types\/post"}],"author":[{"embeddable":true,"href":"https:\/\/www.europesays.com\/fr\/wp-json\/wp\/v2\/users\/2"}],"replies":[{"embeddable":true,"href":"https:\/\/www.europesays.com\/fr\/wp-json\/wp\/v2\/comments?post=303989"}],"version-history":[{"count":0,"href":"https:\/\/www.europesays.com\/fr\/wp-json\/wp\/v2\/posts\/303989\/revisions"}],"wp:featuredmedia":[{"embeddable":true,"href":"https:\/\/www.europesays.com\/fr\/wp-json\/wp\/v2\/media\/303990"}],"wp:attachment":[{"href":"https:\/\/www.europesays.com\/fr\/wp-json\/wp\/v2\/media?parent=303989"}],"wp:term":[{"taxonomy":"category","embeddable":true,"href":"https:\/\/www.europesays.com\/fr\/wp-json\/wp\/v2\/categories?post=303989"},{"taxonomy":"post_tag","embeddable":true,"href":"https:\/\/www.europesays.com\/fr\/wp-json\/wp\/v2\/tags?post=303989"}],"curies":[{"name":"wp","href":"https:\/\/api.w.org\/{rel}","templated":true}]}}