{"id":303997,"date":"2025-08-08T01:19:12","date_gmt":"2025-08-08T01:19:12","guid":{"rendered":"https:\/\/www.europesays.com\/fr\/303997\/"},"modified":"2025-08-08T01:19:12","modified_gmt":"2025-08-08T01:19:12","slug":"roger-neri-81-ans-recoit-la-medaille-de-la-ville-pour-son-combat-en-faveur-du-velo-a-nice","status":"publish","type":"post","link":"https:\/\/www.europesays.com\/fr\/303997\/","title":{"rendered":"Roger Neri, 81 ans, re\u00e7oit la m\u00e9daille de la Ville pour son combat en faveur du v\u00e9lo \u00e0 Nice"},"content":{"rendered":"<p>Tout roule pour Roger Neri. \u00c0 81 ans, le pr\u00e9sident de l<strong>\u2019association Via V\u00e9lo<\/strong> vient de recevoir la m\u00e9daille de la Ville. Une r\u00e9compense pour son engagement: l\u2019association qu\u2019il dirige participe, depuis 2009, \u00e0 la d\u00e9mocratisation du v\u00e9lo \u00e0 Nice. Pas une \u00e9vidence, \u00e0 l\u2019entendre: \u00ab\u00a0Ici, on a les pieds dans la mer et la t\u00eate dans les montagnes.\u00a0\u00bb Sa pers\u00e9v\u00e9rance porte pourtant ses fruits: Via V\u00e9lo compte aujourd\u2019hui plus de 450 b\u00e9n\u00e9voles. \u00ab\u00a0Et la Maison du v\u00e9lo existe gr\u00e2ce \u00e0 lui\u00a0\u00bb, salue <strong>Richard Chemla<\/strong>, l\u2019adjoint au maire d\u00e9l\u00e9gu\u00e9 \u00e0 la Transition \u00e9cologique qui lui a remis la breloque.<\/p>\n<p>\u00ab\u00a0Tout \u00e9tait \u00e0 refaire\u00a0\u00bb<\/p>\n<p>Cette Maison du v\u00e9lo m\u00e9tropolitaine, inaugur\u00e9e en octobre, Roger Neri l\u2019a effectivement port\u00e9e \u00e0 bout de bras. \u00ab\u00a0Tout \u00e9tait \u00e0 refaire\u00a0\u00bb dans cette ancienne salle de pri\u00e8re offerte par la mairie, sourit-il. Alors il s\u2019est retrouss\u00e9 les manches. \u00ab\u00a0Nous \u00e9tions rue d\u2019Italie, nous voici rue de Suisse, avec un local propre et net. Avant, c\u2019\u00e9tait une pi\u00e8ce encombr\u00e9e, sans clim\u2019. Ici, c\u2019est super: salle de r\u00e9union, atelier, local de stockage du mat\u00e9riel. On ne manque de rien.\u00a0\u00bb<\/p>\n<p>Pas \u00e9tonnant pour l\u2019ancien bottier, bricoleur n\u00e9 dont la devise tient en un verbe: r\u00e9parer. \u00ab\u00a0J\u2019adore la m\u00e9canique, j\u2019ai remis \u00e0 neuf des voitures. Alors les v\u00e9los, c\u2019est presque facile.\u00a0\u00bb<br \/>&#13;<br \/>\nSa premi\u00e8re bicyclette? Gamin d\u2019une famille modeste, il ne l\u2019a pas achet\u00e9e mais \u00ab\u00a0construite avec les pi\u00e8ces achet\u00e9es chez un cadreur de l\u2019avenue de la R\u00e9publique.\u00a0\u00bb Fabriquer plut\u00f4t qu\u2019acheter : c\u2019est justement l\u2019ADN de Via V\u00e9lo.<\/p>\n<p>                                Des projets pour d\u00e9velopper l\u2019association <\/p>\n<p>Certes, Roger Neri p\u00e9dale un peu moins depuis son op\u00e9ration du genou. Et r\u00eave d\u2019un v\u00e9lo \u00e9lectrique, ce \u00ab\u00a0superbe engin qui rend ce sport accessible \u00e0 tous, m\u00eame s\u2019il n\u2019y a pas ce plaisir de l\u2019effort qu\u2019aiment tant les puristes.\u00a0\u00bb Mais \u00ab\u00a0\u00e7a co\u00fbte cher\u00a0\u00bb, grimace-t-il. Alors l\u2019octog\u00e9naire met la t\u00eate dans le guidon de son engagement associatif et dessine l\u2019avenir de son association. Qui pourrait passer, imagine Richard Chemla, par des soir\u00e9es \u00ab\u00a0d\u00e9couverte v\u00e9lo\u00a0\u00bb, des conf\u00e9rences ou encore \u00ab\u00a0l\u2019installation de v\u00e9los ergom\u00e9triques pour tester les capacit\u00e9s physiques. Tout cela, sous la surveillance d\u2019un m\u00e9decin et en partenariat avec le CHU de Nice.\u00a0\u00bb<\/p>\n<p>Via V\u00e9lo a encore de beaux cols \u00e0 franchir.<\/p>\n","protected":false},"excerpt":{"rendered":"Tout roule pour Roger Neri. \u00c0 81 ans, le pr\u00e9sident de l\u2019association Via V\u00e9lo vient de recevoir la&hellip;\n","protected":false},"author":2,"featured_media":303998,"comment_status":"","ping_status":"","sticky":false,"template":"","format":"standard","meta":{"footnotes":""},"categories":[2819],"tags":[1111,11,1777,674,1011,27,12,2401,882,25,3366],"class_list":{"0":"post-303997","1":"post","2":"type-post","3":"status-publish","4":"format-standard","5":"has-post-thumbnail","7":"category-nice","8":"tag-actu","9":"tag-actualites","10":"tag-eu","11":"tag-europe","12":"tag-fr","13":"tag-france","14":"tag-news","15":"tag-nice","16":"tag-provence-alpes-cote-dazur","17":"tag-republique-francaise","18":"tag-vie-locale"},"share_on_mastodon":{"url":"https:\/\/pubeurope.com\/@fr\/114990518357447548","error":""},"_links":{"self":[{"href":"https:\/\/www.europesays.com\/fr\/wp-json\/wp\/v2\/posts\/303997","targetHints":{"allow":["GET"]}}],"collection":[{"href":"https:\/\/www.europesays.com\/fr\/wp-json\/wp\/v2\/posts"}],"about":[{"href":"https:\/\/www.europesays.com\/fr\/wp-json\/wp\/v2\/types\/post"}],"author":[{"embeddable":true,"href":"https:\/\/www.europesays.com\/fr\/wp-json\/wp\/v2\/users\/2"}],"replies":[{"embeddable":true,"href":"https:\/\/www.europesays.com\/fr\/wp-json\/wp\/v2\/comments?post=303997"}],"version-history":[{"count":0,"href":"https:\/\/www.europesays.com\/fr\/wp-json\/wp\/v2\/posts\/303997\/revisions"}],"wp:featuredmedia":[{"embeddable":true,"href":"https:\/\/www.europesays.com\/fr\/wp-json\/wp\/v2\/media\/303998"}],"wp:attachment":[{"href":"https:\/\/www.europesays.com\/fr\/wp-json\/wp\/v2\/media?parent=303997"}],"wp:term":[{"taxonomy":"category","embeddable":true,"href":"https:\/\/www.europesays.com\/fr\/wp-json\/wp\/v2\/categories?post=303997"},{"taxonomy":"post_tag","embeddable":true,"href":"https:\/\/www.europesays.com\/fr\/wp-json\/wp\/v2\/tags?post=303997"}],"curies":[{"name":"wp","href":"https:\/\/api.w.org\/{rel}","templated":true}]}}