{"id":304007,"date":"2025-08-08T01:28:12","date_gmt":"2025-08-08T01:28:12","guid":{"rendered":"https:\/\/www.europesays.com\/fr\/304007\/"},"modified":"2025-08-08T01:28:12","modified_gmt":"2025-08-08T01:28:12","slug":"mercato-psg-paris-et-lille-on-trouve-un-accord-pour-le-transfert-de-lucas-chevalier-sport","status":"publish","type":"post","link":"https:\/\/www.europesays.com\/fr\/304007\/","title":{"rendered":"Mercato PSG. Paris et Lille on trouv\u00e9 un accord pour le transfert de Lucas Chevalier . Sport"},"content":{"rendered":"<p>Le Paris-Saint-Germain et Lille sont tomb\u00e9s d\u2019accord, ce jeudi 7\u00a0ao\u00fbt, au sujet du transfert de Lucas Chevalier (23\u00a0ans) vers le club de la capitale, d\u2019apr\u00e8s  <a href=\"https:\/\/www.lequipe.fr\/Football\/Actualites\/Mercato-accord-lille-psg-pour-lucas-chevalier\/1583722\" target=\"_blank\" rel=\"noopener\">L\u2019\u00c9quipe<\/a> . Les deux clubs se sont entendus sur un montant de 40\u00a0millions d\u2019euros hors bonus alors que les derniers d\u00e9tails doivent \u00eatre r\u00e9gl\u00e9s. D\u00e8s lors, le gardien fran\u00e7ais sera autoris\u00e9 \u00e0 rejoindre Paris pour passer sa visite m\u00e9dicale.<\/p>\n<p>Embouteillage de gardiens au PSG<\/p>\n<p>Une arriv\u00e9e qui devrait chambouler la hi\u00e9rarchie des portiers au <a href=\"https:\/\/rennes.maville.com\/sport\/detail_-mercato.-cibles-indesirables-prets...-ou-en-est-le-mercato-du-psg-_54135-6926450_actu.Htm\" target=\"_blank\" rel=\"noopener\">PSG<\/a>, qui en compte d\u00e9j\u00e0 quatre avant l\u2019officialisation de Chevalier. Renato Marin (19\u00a0ans) est arriv\u00e9 libre en provenance de l\u2019AS Rome il y a quelques semaines, alors que Gianluigi Donnarumma, Arnau Tenas et Matyev Safonov sont toujours sous contrat. Selon L\u2019\u00c9quipe, Donnarumma, l\u2019un des artisans du sacre du PSG en Ligue des champions, devrait s\u2019en aller, tout comme Tenas.<\/p>\n<p><strong>Lire aussi\u00a0: <\/strong> <a href=\"https:\/\/rennes.maville.com\/sport\/detail_-mercato.-je-ne-suis-pas-disparu-coco-renonce-a-son-transfert-en-russie-a-cause-de-la-guerre-_54135-6927597_actu.Htm\" target=\"_blank\" rel=\"noopener\">Mercato. \u00ab\u00a0Je ne suis pas disparu\u00a0\u00bb\u00a0: Coco renonce \u00e0 son transfert en Russie \u00e0 cause de la guerre<\/a><\/p>\n<p>\u00c0 23\u00a0ans, Lucas Chevalier va donc d\u00e9barquer chez le champion d\u2019Europe en titre pour \u00eatre le num\u00e9ro un apr\u00e8s une nouvelle saison remarquable avec le Losc, tant en Ligue 1\u00a0qu\u2019en Ligue des champions. Une r\u00e9gularit\u00e9 qui lui a notamment ouvert les portes de l\u2019\u00e9quipe de France en novembre\u00a02024.<\/p>\n<p>\u00a0<\/p>\n","protected":false},"excerpt":{"rendered":"Le Paris-Saint-Germain et Lille sont tomb\u00e9s d\u2019accord, ce jeudi 7\u00a0ao\u00fbt, au sujet du transfert de Lucas Chevalier (23\u00a0ans)&hellip;\n","protected":false},"author":2,"featured_media":304008,"comment_status":"","ping_status":"","sticky":false,"template":"","format":"standard","meta":{"footnotes":""},"categories":[2815],"tags":[1111,11,3809,1465,1777,674,63,1011,27,1792,811,1922,1307,12,25,479,4937,517,1470],"class_list":{"0":"post-304007","1":"post","2":"type-post","3":"status-publish","4":"format-standard","5":"has-post-thumbnail","7":"category-lille","8":"tag-actu","9":"tag-actualites","10":"tag-ball","11":"tag-basket","12":"tag-eu","13":"tag-europe","14":"tag-football","15":"tag-fr","16":"tag-france","17":"tag-handball","18":"tag-hauts-de-france","19":"tag-info","20":"tag-lille","21":"tag-news","22":"tag-republique-francaise","23":"tag-rugby","24":"tag-saint-brieuc","25":"tag-sport","26":"tag-volley"},"share_on_mastodon":{"url":"https:\/\/pubeurope.com\/@fr\/114990553777045058","error":""},"_links":{"self":[{"href":"https:\/\/www.europesays.com\/fr\/wp-json\/wp\/v2\/posts\/304007","targetHints":{"allow":["GET"]}}],"collection":[{"href":"https:\/\/www.europesays.com\/fr\/wp-json\/wp\/v2\/posts"}],"about":[{"href":"https:\/\/www.europesays.com\/fr\/wp-json\/wp\/v2\/types\/post"}],"author":[{"embeddable":true,"href":"https:\/\/www.europesays.com\/fr\/wp-json\/wp\/v2\/users\/2"}],"replies":[{"embeddable":true,"href":"https:\/\/www.europesays.com\/fr\/wp-json\/wp\/v2\/comments?post=304007"}],"version-history":[{"count":0,"href":"https:\/\/www.europesays.com\/fr\/wp-json\/wp\/v2\/posts\/304007\/revisions"}],"wp:featuredmedia":[{"embeddable":true,"href":"https:\/\/www.europesays.com\/fr\/wp-json\/wp\/v2\/media\/304008"}],"wp:attachment":[{"href":"https:\/\/www.europesays.com\/fr\/wp-json\/wp\/v2\/media?parent=304007"}],"wp:term":[{"taxonomy":"category","embeddable":true,"href":"https:\/\/www.europesays.com\/fr\/wp-json\/wp\/v2\/categories?post=304007"},{"taxonomy":"post_tag","embeddable":true,"href":"https:\/\/www.europesays.com\/fr\/wp-json\/wp\/v2\/tags?post=304007"}],"curies":[{"name":"wp","href":"https:\/\/api.w.org\/{rel}","templated":true}]}}