{"id":304011,"date":"2025-08-08T01:30:32","date_gmt":"2025-08-08T01:30:32","guid":{"rendered":"https:\/\/www.europesays.com\/fr\/304011\/"},"modified":"2025-08-08T01:30:32","modified_gmt":"2025-08-08T01:30:32","slug":"mercato-marseille-timothy-weah-devoile-comment-son-pere-george-la-convaincu-de-signer-a-lom","status":"publish","type":"post","link":"https:\/\/www.europesays.com\/fr\/304011\/","title":{"rendered":"Mercato Marseille : Timothy Weah d\u00e9voile comment son p\u00e8re George l\u2019a convaincu de signer \u00e0 l\u2019OM"},"content":{"rendered":"<p class=\"paragraph text_align_left lp-f-body-02\">\u00ab C\u2019est un r\u00eave d\u2019\u00eatre \u00bb \u00e0 l\u2019Olympique de Marseille, a d\u00e9clar\u00e9 ce jeudi l\u2019international am\u00e9ricain Timothy Weah qui esp\u00e8re \u00ab gagner quelque chose \u00bb avec le club phoc\u00e9en o\u00f9 a \u00e9volu\u00e9 son p\u00e8re George Weah.<\/p>\n<p class=\"paragraph text_align_left lp-f-body-02\">\u00ab C\u2019est chez moi maintenant, je suis tr\u00e8s fier d\u2019\u00eatre l\u00e0. On conna\u00eet l\u2019histoire du club, les supporters, le stade. Pour moi c\u2019est un r\u00eave d\u2019\u00eatre l\u00e0 \u00bb, s\u2019est r\u00e9joui le joueur de 25 ans lors de sa pr\u00e9sentation officielle, <a href=\"https:\/\/www.leparisien.fr\/sports\/football\/ligue-1\/mercato-les-images-des-centaines-de-supporters-pour-les-arrivees-de-weah-a-marseille-et-thauvin-a-lens-06-08-2025-56N7LEJHIRFJBHCE72TVJAZW5I.php\" target=\"_blank\" rel=\"noreferrer nofollow noopener\">accueilli mardi soir par des centaines de supporters <\/a>\u00e0 sa descente d\u2019avion. <\/p>\n<p class=\"paragraph text_align_left lp-f-body-02\">\u00ab J\u2019arrive \u00e0 Marseille avec un seul but, et c\u2019est de gagner quelque chose \u00bb, a-t-il lanc\u00e9 \u00e0 la presse. La nouvelle recrue de l\u2019OM a \u00e9t\u00e9 pr\u00eat\u00e9e par la Juventus Turin o\u00f9 il \u00e9voluait depuis 2023. <a href=\"https:\/\/www.leparisien.fr\/sports\/football\/ligue-1\/mercato-marseille-les-conditions-du-pret-de-timothy-weah-de-la-juventus-a-lom-03-08-2025-GFFVJHYOS5AB7FIDQXJT3ESPNA.php\" target=\"_blank\" rel=\"noreferrer nofollow noopener\">Le pr\u00eat<\/a> s\u2019\u00e9l\u00e8ve \u00e0 un million d\u2019euros avec une option d\u2019achat de 14 millions d\u2019euros.<\/p>\n<p class=\"paragraph text_align_left lp-f-body-02\">N\u00e9 \u00e0 New York en 2000, il a <a href=\"https:\/\/www.leparisien.fr\/sports\/football\/mercato-forme-au-psg-et-fils-de-george-timothy-weah-signe-a-lom-06-08-2025-7447HEMBUBD2PMLQOPQ3YMNNGQ.php\" target=\"_blank\" rel=\"noreferrer nofollow noopener\">int\u00e9gr\u00e9 le centre de formation du PSG \u00e0 l\u2019\u00e2ge de 14 ans<\/a>, club avec lequel il a sign\u00e9 son premier contrat professionnel en 2017. Apr\u00e8s deux saisons, il est parti pour le Celtic Glasgow, puis <a href=\"https:\/\/www.leparisien.fr\/sports\/football\/psg-lille-le-long-tunnel-de-timothy-weah-21-11-2019-8198178.php\" target=\"_blank\" rel=\"noreferrer nofollow noopener\">\u00e0 Lille, o\u00f9 il a \u00e9t\u00e9 sacr\u00e9 champion de France en 2021<\/a>.<\/p>\n<blockquote class=\"twitter-tweet\">\n<p lang=\"en\" dir=\"ltr\">\ud835\uddd4\ud835\uddfa\ud835\uddf2\ud835\uddff\ud835\uddf6\ud835\uddf0\ud835\uddee\ud835\uddfb \ud835\uddef\ud835\uddfc\ud835\uddff\ud835\uddfb. \ud835\udde0\ud835\uddee\ud835\uddff\ud835\ude00\ud835\uddf2\ud835\uddf6\ud835\uddf9\ud835\uddf9\ud835\uddf2 \ud835\uddff\ud835\uddf2\ud835\uddee\ud835\uddf1\ud835\ude06 \ud83c\uddfa\ud83c\uddf8\ud83c\uddeb\ud83c\uddf7\ud83d\udcaa<\/p>\n<p>Timothy Weah is an Olympien \ud83d\udd35\u26aa\ufe0f <a href=\"https:\/\/t.co\/V6xxa618L6\" rel=\"nofollow\">pic.twitter.com\/V6xxa618L6<\/a><\/p>\n<p>\u2014 Olympique de Marseille \ud83c\uddec\ud83c\udde7 \ud83c\uddfa\ud83c\uddf8 (@OM_English) <a href=\"https:\/\/twitter.com\/OM_English\/status\/1953471191982964804?ref_src=twsrc%5Etfw\" rel=\"nofollow noopener\" target=\"_blank\">August 7, 2025<\/a><\/p><\/blockquote>\n<p class=\"paragraph text_align_left lp-f-body-02\">Il est le fils de George Weah, seul Ballon d\u2019or africain de l\u2019histoire qui a jou\u00e9 quelques mois sous le maillot olympien dans les ann\u00e9es 2000.<\/p>\n<p class=\"paragraph text_align_left lp-f-body-02\">Avant de s\u2019engager \u00e0 l\u2019OM, Timothy Weah a appel\u00e9 son p\u00e8re, ex-pr\u00e9sident du Liberia. \u00ab Il a parl\u00e9 de la ville, de la passion de tous les supporters, du club. Apr\u00e8s cette conversation, pour moi c\u2019\u00e9tait s\u00fbr que j\u2019allais venir ici, il n\u2019y avait pas d\u2019autre choix pour moi \u00bb, a assur\u00e9 le joueur.<\/p>\n<p class=\"paragraph text_align_left lp-f-body-02\">En manque d\u2019entra\u00eenement, il ne disputera pas le dernier match amical de l\u2019OM face \u00e0 Aston Villa samedi au stade V\u00e9lodrome.<\/p>\n<p><script async src=\"https:\/\/platform.twitter.com\/widgets.js\" charset=\"utf-8\"><\/script><\/p>\n","protected":false},"excerpt":{"rendered":"\u00ab C\u2019est un r\u00eave d\u2019\u00eatre \u00bb \u00e0 l\u2019Olympique de Marseille, a d\u00e9clar\u00e9 ce jeudi l\u2019international am\u00e9ricain Timothy Weah&hellip;\n","protected":false},"author":2,"featured_media":304012,"comment_status":"","ping_status":"","sticky":false,"template":"","format":"standard","meta":{"footnotes":""},"categories":[2814],"tags":[1111,11,1777,674,63,1011,27,66,884,12,882,25,60],"class_list":{"0":"post-304011","1":"post","2":"type-post","3":"status-publish","4":"format-standard","5":"has-post-thumbnail","7":"category-marseille","8":"tag-actu","9":"tag-actualites","10":"tag-eu","11":"tag-europe","12":"tag-football","13":"tag-fr","14":"tag-france","15":"tag-ligue-1","16":"tag-marseille","17":"tag-news","18":"tag-provence-alpes-cote-dazur","19":"tag-republique-francaise","20":"tag-sports"},"share_on_mastodon":{"url":"https:\/\/pubeurope.com\/@fr\/114990561687680170","error":""},"_links":{"self":[{"href":"https:\/\/www.europesays.com\/fr\/wp-json\/wp\/v2\/posts\/304011","targetHints":{"allow":["GET"]}}],"collection":[{"href":"https:\/\/www.europesays.com\/fr\/wp-json\/wp\/v2\/posts"}],"about":[{"href":"https:\/\/www.europesays.com\/fr\/wp-json\/wp\/v2\/types\/post"}],"author":[{"embeddable":true,"href":"https:\/\/www.europesays.com\/fr\/wp-json\/wp\/v2\/users\/2"}],"replies":[{"embeddable":true,"href":"https:\/\/www.europesays.com\/fr\/wp-json\/wp\/v2\/comments?post=304011"}],"version-history":[{"count":0,"href":"https:\/\/www.europesays.com\/fr\/wp-json\/wp\/v2\/posts\/304011\/revisions"}],"wp:featuredmedia":[{"embeddable":true,"href":"https:\/\/www.europesays.com\/fr\/wp-json\/wp\/v2\/media\/304012"}],"wp:attachment":[{"href":"https:\/\/www.europesays.com\/fr\/wp-json\/wp\/v2\/media?parent=304011"}],"wp:term":[{"taxonomy":"category","embeddable":true,"href":"https:\/\/www.europesays.com\/fr\/wp-json\/wp\/v2\/categories?post=304011"},{"taxonomy":"post_tag","embeddable":true,"href":"https:\/\/www.europesays.com\/fr\/wp-json\/wp\/v2\/tags?post=304011"}],"curies":[{"name":"wp","href":"https:\/\/api.w.org\/{rel}","templated":true}]}}