{"id":30402,"date":"2025-04-17T00:57:09","date_gmt":"2025-04-17T00:57:09","guid":{"rendered":"https:\/\/www.europesays.com\/fr\/30402\/"},"modified":"2025-04-17T00:57:09","modified_gmt":"2025-04-17T00:57:09","slug":"previsions-du-jeudi-17-avril-2025-6","status":"publish","type":"post","link":"https:\/\/www.europesays.com\/fr\/30402\/","title":{"rendered":"pr\u00e9visions du jeudi 17 avril 2025"},"content":{"rendered":"<p>Aujourd&rsquo;hui, c&rsquo;est sur un ciel tapiss\u00e9 de nuages qu&rsquo;il faudra compter \u00e0 Toulouse. Il faudra pr\u00e9voir son parapluie pour s&rsquo;abriter des pluies \u00e9parses. Les temp\u00e9ratures seront de 10\u00b0C. Un vent d&rsquo;ouest soufflera \u00e0 20 km\/h. Les temp\u00e9ratures avoisineront les 10\u00b0C dans la matin\u00e9e. Encore de la grisaille l&rsquo;apr\u00e8s-midi. Les nuages vont s&rsquo;attarder. En revanche, c&rsquo;est une hausse de quelques degr\u00e9s que vont conna\u00eetre les temp\u00e9ratures. Des \u00e9claircies sont attendues : on passera une soir\u00e9e cl\u00e9mente. Le passage de jeudi \u00e0 vendredi s&rsquo;effectuera sous un ciel clair.<\/p>\n<p>Un beau soleil est pr\u00e9vu demain \u00e0 Toulouse. Un temps plus chaud est attendu \u00e9tant donn\u00e9 que le mercure va enregistrer une augmentation. Il va faire en moyenne 13\u00b0C. Un petit vent de sud-est sera ressenti par les habitants. Il fera 13\u00b0C en moyenne le matin. Les temp\u00e9ratures vont conna\u00eetre une hausse de plusieurs degr\u00e9s dans l&rsquo;apr\u00e8s-midi. Les valeurs seront comprises entre 17 et 20\u00b0C. Demain soir, le mercure affichera 13\u00b0C en moyenne.<\/p>\n<p>Le temps va se d\u00e9grader dans les jours suivants. Le temps sera pluvieux avec des temp\u00e9ratures d&rsquo;environ 11\u00b0C.<\/p>\n<p><\/p>\n","protected":false},"excerpt":{"rendered":"Aujourd&rsquo;hui, c&rsquo;est sur un ciel tapiss\u00e9 de nuages qu&rsquo;il faudra compter \u00e0 Toulouse. Il faudra pr\u00e9voir son parapluie&hellip;\n","protected":false},"author":2,"featured_media":30403,"comment_status":"","ping_status":"","sticky":false,"template":"","format":"standard","meta":{"footnotes":""},"categories":[2816],"tags":[1111,11,1777,674,1011,27,2722,2721,12,2680,2119,25,2312],"class_list":{"0":"post-30402","1":"post","2":"type-post","3":"status-publish","4":"format-standard","5":"has-post-thumbnail","7":"category-toulouse","8":"tag-actu","9":"tag-actualites","10":"tag-eu","11":"tag-europe","12":"tag-fr","13":"tag-france","14":"tag-haute-garonne","15":"tag-midi-pyrenees","16":"tag-news","17":"tag-occitanie","18":"tag-previsions-meteo","19":"tag-republique-francaise","20":"tag-toulouse"},"share_on_mastodon":{"url":"https:\/\/pubeurope.com\/@fr\/114350590879059013","error":""},"_links":{"self":[{"href":"https:\/\/www.europesays.com\/fr\/wp-json\/wp\/v2\/posts\/30402","targetHints":{"allow":["GET"]}}],"collection":[{"href":"https:\/\/www.europesays.com\/fr\/wp-json\/wp\/v2\/posts"}],"about":[{"href":"https:\/\/www.europesays.com\/fr\/wp-json\/wp\/v2\/types\/post"}],"author":[{"embeddable":true,"href":"https:\/\/www.europesays.com\/fr\/wp-json\/wp\/v2\/users\/2"}],"replies":[{"embeddable":true,"href":"https:\/\/www.europesays.com\/fr\/wp-json\/wp\/v2\/comments?post=30402"}],"version-history":[{"count":0,"href":"https:\/\/www.europesays.com\/fr\/wp-json\/wp\/v2\/posts\/30402\/revisions"}],"wp:featuredmedia":[{"embeddable":true,"href":"https:\/\/www.europesays.com\/fr\/wp-json\/wp\/v2\/media\/30403"}],"wp:attachment":[{"href":"https:\/\/www.europesays.com\/fr\/wp-json\/wp\/v2\/media?parent=30402"}],"wp:term":[{"taxonomy":"category","embeddable":true,"href":"https:\/\/www.europesays.com\/fr\/wp-json\/wp\/v2\/categories?post=30402"},{"taxonomy":"post_tag","embeddable":true,"href":"https:\/\/www.europesays.com\/fr\/wp-json\/wp\/v2\/tags?post=30402"}],"curies":[{"name":"wp","href":"https:\/\/api.w.org\/{rel}","templated":true}]}}