{"id":304021,"date":"2025-08-08T01:37:20","date_gmt":"2025-08-08T01:37:20","guid":{"rendered":"https:\/\/www.europesays.com\/fr\/304021\/"},"modified":"2025-08-08T01:37:20","modified_gmt":"2025-08-08T01:37:20","slug":"les-demoiselles-de-rochefort-se-reinventent-au-lido-cet-automne","status":"publish","type":"post","link":"https:\/\/www.europesays.com\/fr\/304021\/","title":{"rendered":"Les Demoiselles de Rochefort se r\u00e9inventent au Lido cet automne"},"content":{"rendered":"<p>Depuis la r\u00e9ouverture du <a href=\"https:\/\/www.timeout.fr\/paris\/theatre\" target=\"_blank\" rel=\"noopener\">th\u00e9\u00e2tre<\/a> du Lido, sur les Champs-Elys\u00e9es, Paris n\u2019a (presque) plus rien \u00e0 envier \u00e0 Broadway. Un \u00e9crin sublime, et une programmation sans aucune fausse note en presque trois ans,\u00a0additionnant les succ\u00e8s. Apr\u00e8s le tr\u00e8s acclam\u00e9 Hello, Dolly! et une folle parodie de Titanique (suppl\u00e9ment C\u00e9line Dion) l\u2019an dernier, la salle mythique des Champs entammera sa saison 2025-2026 avec un nouveau hit assur\u00e9 : <a href=\"https:\/\/www.timeout.com\/fr\/cinema\/les-demoiselles-de-rochefort\" target=\"_blank\" rel=\"noopener\">Les demoiselles de Rochefort<\/a>. Une cr\u00e9ation produite par le Lido, qui sera mont\u00e9e sur place en septembre et jou\u00e9e pour la premi\u00e8re fois sur sc\u00e8ne le 2 octobre prochain.\u00a0<\/p>\n<p><strong>Les demoiselles sur les planches\u00a0<\/strong><\/p>\n<p>Au pays merveilleux de Rochefort, les embruns marins charrient le virus de la po\u00e9sie, et infectent tout sur leur passage. Delphine et Solange (Catherine Deneuve et Fran\u00e7oise Dorl\u00e9ac, dans le film), s\u00e9v\u00e8rement atteintes, vivent de leur passion, respectivement la danse et la musique, et r\u00eavent de lendemains qui chantent, d\u2019amour et d\u2019eau fra\u00eeche. \u00c7a tombe bien, une ribambelle de c\u0153urs \u00e0 prendre d\u00e9barque justement au port : des forains, un g\u00e9rant de magasin de musique, un marin-peintre-po\u00e8te, un pianiste am\u00e9ricain&#8230; De quoi donner mati\u00e8re \u00e0 des intrigues amoureuses et des coups de foudre terrassants.<\/p>\n<p>Ce tourbillon de la vie men\u00e9 de front par les deux s\u0153urs Garnier trouvera ainsi un nouveau souffle sur la sc\u00e8ne du cabaret, dans un spectacle o\u00f9 l\u2019on devrait retrouver toute la po\u00e9sie de Demy &#8211; avec ce petit suppl\u00e9ment d\u2019\u00e2me que l\u2019art vivant permet. Au casting de cette nouvelle production, on retrouve notamment Alexis Mabille aux costumes &#8211; designer qui fait litt\u00e9ralement partie des murs du Lido, puisque c\u2019est lui qui a sign\u00e9 sa m\u00e9tamorphose (aux c\u00f4t\u00e9s de l\u2019architecte Philippe Pumain), en 2023.\u00a0<\/p>\n<p><img decoding=\"async\" id=\"18b9a36a-603f-ad9a-5aa4-86275ef3fc19\" class=\"photo lazy inline\" loading=\"lazy\" data-component=\"lazy-embed\" src=\"https:\/\/www.europesays.com\/fr\/wp-content\/uploads\/2025\/08\/1754617040_152_image.webp.webp\" alt=\"L'affiche du spectacle r\u00e9alis\u00e9e par Catherine Meurisse \u00a9 Th\u00e9\u00e2tre du Lido\" data-caption=\"\" data-credit=\"L'affiche du spectacle r\u00e9alis\u00e9e par Catherine Meurisse \u00a9 Th\u00e9\u00e2tre du Lido\" data-width-class=\"\" data-image-id=\"106304155\"\/>&#13;<br \/>\nL&rsquo;affiche du spectacle r\u00e9alis\u00e9e par Catherine Meurisse \u00a9 Th\u00e9\u00e2tre du Lido&#13;<\/p>\n<p><strong>O\u00f9 ?<\/strong> Th\u00e9\u00e2tre du Lido, 116 bis avenue des Champs-\u00c9lys\u00e9es, Paris 8e.\u00a0<br \/><strong>Quand ?<\/strong> \u00c0 partir du 2 octobre 2025.\u00a0<br \/><strong>Combien ?<\/strong> \u00c0 partir de 25\u20ac &#8211; <a href=\"https:\/\/theatredulido.com\/fr\/agenda\/les-demoiselles-de-rochefort\/\" target=\"_blank\" rel=\"noopener\">billetterie ici<\/a>.\u00a0<\/p>\n","protected":false},"excerpt":{"rendered":"Depuis la r\u00e9ouverture du th\u00e9\u00e2tre du Lido, sur les Champs-Elys\u00e9es, Paris n\u2019a (presque) plus rien \u00e0 envier \u00e0&hellip;\n","protected":false},"author":2,"featured_media":304022,"comment_status":"","ping_status":"","sticky":false,"template":"","format":"standard","meta":{"footnotes":""},"categories":[1888],"tags":[11,12037,12036,1777,674,1011,27,12,626,25,1347],"class_list":{"0":"post-304021","1":"post","2":"type-post","3":"status-publish","4":"format-standard","5":"has-post-thumbnail","7":"category-paris","8":"tag-actualites","9":"tag-actualites-theatre","10":"tag-categories-theatre","11":"tag-eu","12":"tag-europe","13":"tag-fr","14":"tag-france","15":"tag-news","16":"tag-paris","17":"tag-republique-francaise","18":"tag-theatre"},"share_on_mastodon":{"url":"https:\/\/pubeurope.com\/@fr\/114990589126288448","error":""},"_links":{"self":[{"href":"https:\/\/www.europesays.com\/fr\/wp-json\/wp\/v2\/posts\/304021","targetHints":{"allow":["GET"]}}],"collection":[{"href":"https:\/\/www.europesays.com\/fr\/wp-json\/wp\/v2\/posts"}],"about":[{"href":"https:\/\/www.europesays.com\/fr\/wp-json\/wp\/v2\/types\/post"}],"author":[{"embeddable":true,"href":"https:\/\/www.europesays.com\/fr\/wp-json\/wp\/v2\/users\/2"}],"replies":[{"embeddable":true,"href":"https:\/\/www.europesays.com\/fr\/wp-json\/wp\/v2\/comments?post=304021"}],"version-history":[{"count":0,"href":"https:\/\/www.europesays.com\/fr\/wp-json\/wp\/v2\/posts\/304021\/revisions"}],"wp:featuredmedia":[{"embeddable":true,"href":"https:\/\/www.europesays.com\/fr\/wp-json\/wp\/v2\/media\/304022"}],"wp:attachment":[{"href":"https:\/\/www.europesays.com\/fr\/wp-json\/wp\/v2\/media?parent=304021"}],"wp:term":[{"taxonomy":"category","embeddable":true,"href":"https:\/\/www.europesays.com\/fr\/wp-json\/wp\/v2\/categories?post=304021"},{"taxonomy":"post_tag","embeddable":true,"href":"https:\/\/www.europesays.com\/fr\/wp-json\/wp\/v2\/tags?post=304021"}],"curies":[{"name":"wp","href":"https:\/\/api.w.org\/{rel}","templated":true}]}}