{"id":304029,"date":"2025-08-08T01:41:13","date_gmt":"2025-08-08T01:41:13","guid":{"rendered":"https:\/\/www.europesays.com\/fr\/304029\/"},"modified":"2025-08-08T01:41:13","modified_gmt":"2025-08-08T01:41:13","slug":"venezuela-prime-americaine-de-50-millions-pour-arreter-maduro","status":"publish","type":"post","link":"https:\/\/www.europesays.com\/fr\/304029\/","title":{"rendered":"Venezuela: prime am\u00e9ricaine de 50 millions pour arr\u00eater Maduro"},"content":{"rendered":"<p>    <img src=\"https:\/\/www.europesays.com\/fr\/wp-content\/uploads\/2025\/08\/3a56ccf42bb780dcd974293d3b2b9a1e9a208d32-89801086.jpg\" width=\"1400\" height=\"1050\" alt=\"\" loading=\"eager\" decoding=\"sync\" fetchpriority=\"high\"\/><\/p>\n<p>            Keystone-SDA        <\/p>\n<p>        Les Etats-Unis ont annonc\u00e9 jeudi avoir doubl\u00e9 \u00e0 50 millions de dollars la prime pour l&rsquo;arrestation du pr\u00e9sident v\u00e9n\u00e9zu\u00e9lien Nicol\u00e1s Maduro, inculp\u00e9 par la justice am\u00e9ricaine de trafic de drogue. Sa r\u00e9\u00e9lection avait \u00e9t\u00e9 qualifi\u00e9e d&rsquo;ill\u00e9gitime en janvier par Washington.\n<\/p>\n<p>        Ce contenu a \u00e9t\u00e9 publi\u00e9 sur    <\/p>\n<p>        08 ao\u00fbt 2025 &#8211; 02:30\n<\/p>\n<p> (Keystone-ATS) \u00ab\u00a0Aujourd\u2019hui, le minist\u00e8re de la justice et le d\u00e9partement d\u2019Etat annoncent une r\u00e9compense de 50 millions de dollars pour toute information conduisant \u00e0 l\u2019interpellation de Nicol\u00e1s Maduro\u00a0\u00bb, a \u00e9crit sur le r\u00e9seau social X la ministre de la justice Pam Bondi. La pr\u00e9c\u00e9dente prime en janvier \u00e9tait de 25 millions de dollars.<\/p>\n<p>Le 10 janvier dernier, dix jours avant l\u2019investiture du pr\u00e9sident am\u00e9ricain Donald Trump, le gouvernement de son pr\u00e9d\u00e9cesseur \u00e0 la Maison-Blanche, Joe Biden, avait d\u00e9nonc\u00e9 le \u00ab\u00a0simulacre\u00a0\u00bb et le caract\u00e8re \u00ab\u00a0ill\u00e9gitime\u00a0\u00bb de l\u2019investiture de Nicol\u00e1s Maduro r\u00e9\u00e9lu six mois plus t\u00f4t.<\/p>\n<p>Le secr\u00e9taire d\u2019Etat d\u00e9mocrate d\u2019alors, Antony Blinken, et le tr\u00e9sor am\u00e9ricain avaient impos\u00e9 de nouvelles sanctions \u00e0 Caracas, portant de 15 \u00e0 25 millions de dollars la r\u00e9compense pour toute information permettant de traduire en justice le dirigeant v\u00e9n\u00e9zu\u00e9lien.<\/p>\n<p>Washington estimait alors que Nicolas \u00ab\u00a0Maduro a[vait] clairement perdu l\u2019\u00e9lection pr\u00e9sidentielle de 2024 et n\u2019a[vait] pas le droit de pr\u00e9tendre \u00e0 la pr\u00e9sidence\u00a0\u00bb.<\/p>\n<p>Un ministre aussi vis\u00e9<\/p>\n<p>Le pr\u00e9sident v\u00e9n\u00e9zu\u00e9lien, fort du soutien de l\u2019arm\u00e9e et d\u2019une administration aux ordres, avait pr\u00eat\u00e9 serment pour un troisi\u00e8me mandat de six ans lors d\u2019une c\u00e9r\u00e9monie qualifi\u00e9e de \u00ab\u00a0coup d\u2019Etat\u00a0\u00bb par l\u2019opposition, qui revendique la victoire \u00e0 la pr\u00e9sidentielle.<\/p>\n<p>La r\u00e9compense am\u00e9ricaine port\u00e9e jeudi de 25 \u00e0 50 millions de dollars concerne toujours toute information conduisant \u00e0 l\u2019arrestation de M. Maduro et de son ministre de l\u2019int\u00e9rieur pour qu\u2019ils soient jug\u00e9s pour \u00ab\u00a0trafic de drogue et corruption\u00a0\u00bb, selon Washington.<\/p>\n<p>Cette inculpation, notamment pour participation et complicit\u00e9 de trafic de drogue international, remonte \u00e0 2020, \u00e0 la fin du premier mandat de Donald Trump.<\/p>\n<p>Le minist\u00e8re de la justice et son parquet f\u00e9d\u00e9ral \u00e0 New York, qui ont d\u00e9j\u00e0 fait condamner ces derni\u00e8res ann\u00e9es plusieurs ex-dirigeants d\u2019Am\u00e9rique latine, accusent Nicol\u00e1s Maduro d\u2019\u00eatre derri\u00e8re un cartel, qui aurait envoy\u00e9 en deux d\u00e9cennies des centaines de tonnes de drogue aux Etats-Unis, pour des centaines de millions de dollars.<\/p>\n<p>Les autorit\u00e9s am\u00e9ricaines, et Pam Bondi l\u2019a r\u00e9affirm\u00e9 jeudi soir sur les r\u00e9seaux sociaux, soup\u00e7onnent le cartel d\u2019avoir travaill\u00e9 main dans la main avec l\u2019organisation colombienne des FARC, que Washington consid\u00e8re comme \u00ab\u00a0terroriste\u00a0\u00bb.<\/p>\n<p>La ministre de la Justice accuse \u00e9galement Nicol\u00e1s Maduro d\u2019avoir collabor\u00e9 avec le gang criminel v\u00e9n\u00e9zu\u00e9lien Tren de Aragua et le cartel mexicain Sinaloa.<\/p>\n","protected":false},"excerpt":{"rendered":"Keystone-SDA Les Etats-Unis ont annonc\u00e9 jeudi avoir doubl\u00e9 \u00e0 50 millions de dollars la prime pour l&rsquo;arrestation du&hellip;\n","protected":false},"author":2,"featured_media":304030,"comment_status":"","ping_status":"","sticky":false,"template":"","format":"standard","meta":{"footnotes":""},"categories":[1589],"tags":[11,73,1866,12,44403,4384,1864,1865,1863,308],"class_list":{"0":"post-304029","1":"post","2":"type-post","3":"status-publish","4":"format-standard","5":"has-post-thumbnail","7":"category-etats-unis","8":"tag-actualites","9":"tag-etats-unis","10":"tag-etats-unis-damerique","11":"tag-news","12":"tag-sda-ready-to-publish","13":"tag-ticker","14":"tag-united-states","15":"tag-united-states-of-america","16":"tag-us","17":"tag-usa"},"share_on_mastodon":{"url":"https:\/\/pubeurope.com\/@fr\/114990604981372606","error":""},"_links":{"self":[{"href":"https:\/\/www.europesays.com\/fr\/wp-json\/wp\/v2\/posts\/304029","targetHints":{"allow":["GET"]}}],"collection":[{"href":"https:\/\/www.europesays.com\/fr\/wp-json\/wp\/v2\/posts"}],"about":[{"href":"https:\/\/www.europesays.com\/fr\/wp-json\/wp\/v2\/types\/post"}],"author":[{"embeddable":true,"href":"https:\/\/www.europesays.com\/fr\/wp-json\/wp\/v2\/users\/2"}],"replies":[{"embeddable":true,"href":"https:\/\/www.europesays.com\/fr\/wp-json\/wp\/v2\/comments?post=304029"}],"version-history":[{"count":0,"href":"https:\/\/www.europesays.com\/fr\/wp-json\/wp\/v2\/posts\/304029\/revisions"}],"wp:featuredmedia":[{"embeddable":true,"href":"https:\/\/www.europesays.com\/fr\/wp-json\/wp\/v2\/media\/304030"}],"wp:attachment":[{"href":"https:\/\/www.europesays.com\/fr\/wp-json\/wp\/v2\/media?parent=304029"}],"wp:term":[{"taxonomy":"category","embeddable":true,"href":"https:\/\/www.europesays.com\/fr\/wp-json\/wp\/v2\/categories?post=304029"},{"taxonomy":"post_tag","embeddable":true,"href":"https:\/\/www.europesays.com\/fr\/wp-json\/wp\/v2\/tags?post=304029"}],"curies":[{"name":"wp","href":"https:\/\/api.w.org\/{rel}","templated":true}]}}